{"id":1645,"date":"2026-01-26T19:31:50","date_gmt":"2026-01-26T19:31:50","guid":{"rendered":"https:\/\/factznews.com\/?p=1645"},"modified":"2026-01-26T19:31:50","modified_gmt":"2026-01-26T19:31:50","slug":"1645","status":"publish","type":"post","link":"https:\/\/factznews.com\/?p=1645","title":{"rendered":""},"content":{"rendered":"<p>N\u00eb fund t\u00eb fjalimit t\u00eb tij historik para Parlamentit t\u00eb Izraelit, kryeministri Edi Rama b\u00ebri thirrje p\u00ebr paqe mes izraelit\u00ebve dhe palestinez\u00ebve, duke shprehur shpres\u00ebn p\u00ebr nj\u00eb epok\u00eb t\u00eb re marr\u00ebdh\u00ebniesh n\u00eb Lindjen e Mesme.<\/p>\n<p>\u201cFjal\u00ebt e nj\u00eb martiri arab p\u00ebr paqen, dua t\u2019i mbyll me fjal\u00ebt e nj\u00eb martiri hebre p\u00ebr paqen. Ju b\u00ebjm\u00eb thirrje izraelit\u00ebve, hebrenjve dhe palestinez\u00ebve t\u00eb ndjekin rrug\u00ebn e paqes. Palestinez\u00ebt duhet t\u00eb jetojn\u00eb me dinjitet n\u00eb vendet e tyre, nd\u00ebrsa dy kombet t\u00eb bashkohen p\u00ebr njer\u00ebzimin dhe paqen,\u201d tha Rama.<\/p>\n<p>Kryeministri shqiptar vuri n\u00eb dukje r\u00ebnd\u00ebsin\u00eb e solidaritetit nd\u00ebrkomb\u00ebtar dhe rolit t\u00eb Shqip\u00ebris\u00eb si nj\u00eb ur\u00eb bashk\u00ebpunimi mes komuniteteve dhe shteteve. Ai p\u00ebrmendi gjithashtu kontributin e vendeve si Katari dhe Omani n\u00eb promovimin e stabilitetit global dhe shprehu besimin se marr\u00ebveshja e Abrahamit mund t\u00eb sh\u00ebrbej\u00eb si model p\u00ebr t\u00eb ardhmen.<\/p>\n<p>Rama n\u00ebnvizoi se paqja \u00ebsht\u00eb \u201ci vetmi bulevard i s\u00eb ardhmes\u201d dhe se Shqip\u00ebria ndihet e bekuar t\u00eb ket\u00eb miq\u00ebsin\u00eb e Izraelit, vendeve arabe dhe Turqis\u00eb, duke theksuar r\u00ebnd\u00ebsin\u00eb e bashk\u00ebpunimit rajonal p\u00ebr stabilitetin e ardhsh\u00ebm.<\/p>\n","protected":false},"excerpt":{"rendered":"<p>N\u00eb fund t\u00eb fjalimit t\u00eb tij historik para Parlamentit t\u00eb Izraelit, kryeministri Edi Rama b\u00ebri thirrje p\u00ebr paqe mes izraelit\u00ebve dhe palestinez\u00ebve, duke shprehur shpres\u00ebn p\u00ebr nj\u00eb epok\u00eb t\u00eb re marr\u00ebdh\u00ebniesh n\u00eb Lindjen e Mesme. \u201cFjal\u00ebt e nj\u00eb martiri arab p\u00ebr paqen, dua t\u2019i mbyll me fjal\u00ebt e nj\u00eb martiri hebre p\u00ebr paqen. Ju b\u00ebjm\u00eb&#8230;<\/p>\n<p class=\"more-link-wrap\"><a href=\"https:\/\/factznews.com\/?p=1645\" class=\"more-link\">Read More<span class=\"screen-reader-text\"> &ldquo;&rdquo;<\/span> &raquo;<\/a><\/p>\n","protected":false},"author":1,"featured_media":0,"comment_status":"open","ping_status":"open","sticky":false,"template":"","format":"standard","meta":{"footnotes":""},"categories":[5],"tags":[],"class_list":["post-1645","post","type-post","status-publish","format-standard","hentry","category-news"],"_links":{"self":[{"href":"https:\/\/factznews.com\/index.php?rest_route=\/wp\/v2\/posts\/1645","targetHints":{"allow":["GET"]}}],"collection":[{"href":"https:\/\/factznews.com\/index.php?rest_route=\/wp\/v2\/posts"}],"about":[{"href":"https:\/\/factznews.com\/index.php?rest_route=\/wp\/v2\/types\/post"}],"author":[{"embeddable":true,"href":"https:\/\/factznews.com\/index.php?rest_route=\/wp\/v2\/users\/1"}],"replies":[{"embeddable":true,"href":"https:\/\/factznews.com\/index.php?rest_route=%2Fwp%2Fv2%2Fcomments&post=1645"}],"version-history":[{"count":1,"href":"https:\/\/factznews.com\/index.php?rest_route=\/wp\/v2\/posts\/1645\/revisions"}],"predecessor-version":[{"id":1647,"href":"https:\/\/factznews.com\/index.php?rest_route=\/wp\/v2\/posts\/1645\/revisions\/1647"}],"wp:attachment":[{"href":"https:\/\/factznews.com\/index.php?rest_route=%2Fwp%2Fv2%2Fmedia&parent=1645"}],"wp:term":[{"taxonomy":"category","embeddable":true,"href":"https:\/\/factznews.com\/index.php?rest_route=%2Fwp%2Fv2%2Fcategories&post=1645"},{"taxonomy":"post_tag","embeddable":true,"href":"https:\/\/factznews.com\/index.php?rest_route=%2Fwp%2Fv2%2Ftags&post=1645"}],"curies":[{"name":"wp","href":"https:\/\/api.w.org\/{rel}","templated":true}]}}