{"id":1769,"date":"2026-01-27T17:06:07","date_gmt":"2026-01-27T17:06:07","guid":{"rendered":"https:\/\/factznews.com\/?p=1769"},"modified":"2026-01-27T17:06:07","modified_gmt":"2026-01-27T17:06:07","slug":"1769","status":"publish","type":"post","link":"https:\/\/factznews.com\/?p=1769","title":{"rendered":""},"content":{"rendered":"<p>Gjykata Kushtetuese nuk do t\u00eb jap\u00eb sot vendimin n\u00eb lidhje me z\u00ebv\u00ebnd\u00ebskryeministren Belinda Balluku. Burime p\u00ebr mediat kan\u00eb b\u00ebr\u00eb me dije se Kushtetuesja ka k\u00ebrkuar m\u00eb shum\u00eb koh\u00eb p\u00ebr t\u00eb marr\u00eb vendimin.<\/p>\n<p>Megjithat\u00eb nuk ka ende nj\u00eb njoftim zyrtar nga Gjykata.<\/p>\n<p>Kujtojm\u00eb se m\u00eb 22 janar, u mbajt seanca p\u00ebr shqyrtimin e k\u00ebrkes\u00ebs s\u00eb kryeministrit Edi Rama dhe K\u00ebshillit t\u00eb Ministrave.<\/p>\n<p>Seanca nisi n\u00eb or\u00ebn 10:00 dhe p\u00ebrfundoi pas disa or\u00ebsh. K\u00ebshilli i Ministrave argumentoi se \u00ebsht\u00eb pal\u00eb e legjitimuar n\u00eb k\u00ebt\u00eb \u00e7\u00ebshtje, pasi pezullimi i ministres ka ndikuar drejtp\u00ebrdrejt n\u00eb funksionimin e qeveris\u00eb dhe n\u00eb vendimmarrjen p\u00ebr sektor\u00ebt e Infrastruktur\u00ebs dhe Energjis\u00eb.<\/p>\n<p>Drejtori juridik i Kryeministris\u00eb, Erald Jonuzaj, n\u00ebnvizoi se ligji nuk lejon delegimin e p\u00ebrkohsh\u00ebm t\u00eb kompetencave t\u00eb nj\u00eb ministri dhe se pezullimi ka bllokuar pun\u00ebn e K\u00ebshillit t\u00eb Ministrave n\u00eb fushat p\u00ebrkat\u00ebse.<\/p>\n<p>Nga ana tjet\u00ebr, prokurori i SPAK, Dritan Pren\u00e7i, deklaroi se k\u00ebrkesa e kryeministrit nuk ka legjitimitet procedural dhe nuk plot\u00ebson kriteret kushtetuese, duke theksuar se nuk ekziston nj\u00eb konflikt konkret midis pushteteve dhe pretendimet bazohen vet\u00ebm n\u00eb interpretime ligjore.<\/p>\n<p>Seanca u zhvillua pa pranin\u00eb e Ballukut, e cila nuk \u00ebsht\u00eb pal\u00eb n\u00eb k\u00ebt\u00eb proces, nd\u00ebrsa GJKKO nuk d\u00ebrgoi p\u00ebrfaq\u00ebsues. P\u00ebrfaq\u00ebsues t\u00eb Presidenc\u00ebs dhe Kuvendit mor\u00ebn pjes\u00eb si pal\u00eb t\u00eb interesuara.<\/p>\n<p>Si\u00e7 \u00ebsht\u00eb njoftuar zyrtarisht, Prokuroria e Posa\u00e7me e akuzon Belinda Balluku p\u00ebr kryerjen e vepr\u00ebs penale \u201cShkelje e barazis\u00eb n\u00eb tendera\u201d, n\u00eb dy raste; p\u00ebr Tunelin e Llogaras\u00eb dhe p\u00ebr tre Lote t\u00eb nd\u00ebrtimit t\u00eb Unaz\u00ebs s\u00eb Madhe n\u00eb Tiran\u00eb.<\/p>\n<p>N\u00eb k\u00ebto kushte, SPAK i ishte drejtuar Gjykat\u00ebs s\u00eb Posa\u00e7me me k\u00ebrkes\u00ebn p\u00ebr pezullimin e saj, k\u00ebrkes\u00eb t\u00eb cil\u00ebn K\u00ebshilli i Ministrave nuk e pranoi dhe e d\u00ebrgoi n\u00eb Gjykat\u00ebn Kushtetuese, duke deklaruar se ishte c\u00ebnuar puna e Qeveris\u00eb.<\/p>\n<p>Belinda Balluku \u00ebsht\u00eb numri dy i qeveris\u00eb shqiptare dhe n\u00eb munges\u00eb t\u00eb kryeministrit, ajo ka atributet kryesore t\u00eb drejtimit t\u00eb vendit. P\u00ebrve\u00e7 propozimeve p\u00ebr ndryshime n\u00eb kabinet t\u00eb cilat jan\u00eb detyr\u00eb ekskluzive e kryeministrit, z\u00ebvend\u00ebsi ushtron t\u00eb gjitha t\u00eb tjerat.<\/p>\n","protected":false},"excerpt":{"rendered":"<p>Gjykata Kushtetuese nuk do t\u00eb jap\u00eb sot vendimin n\u00eb lidhje me z\u00ebv\u00ebnd\u00ebskryeministren Belinda Balluku. Burime p\u00ebr mediat kan\u00eb b\u00ebr\u00eb me dije se Kushtetuesja ka k\u00ebrkuar m\u00eb shum\u00eb koh\u00eb p\u00ebr t\u00eb marr\u00eb vendimin. Megjithat\u00eb nuk ka ende nj\u00eb njoftim zyrtar nga Gjykata. Kujtojm\u00eb se m\u00eb 22 janar, u mbajt seanca p\u00ebr shqyrtimin e k\u00ebrkes\u00ebs s\u00eb kryeministrit&#8230;<\/p>\n<p class=\"more-link-wrap\"><a href=\"https:\/\/factznews.com\/?p=1769\" class=\"more-link\">Read More<span class=\"screen-reader-text\"> &ldquo;&rdquo;<\/span> &raquo;<\/a><\/p>\n","protected":false},"author":1,"featured_media":0,"comment_status":"open","ping_status":"open","sticky":false,"template":"","format":"standard","meta":{"footnotes":""},"categories":[5],"tags":[],"class_list":["post-1769","post","type-post","status-publish","format-standard","hentry","category-news"],"_links":{"self":[{"href":"https:\/\/factznews.com\/index.php?rest_route=\/wp\/v2\/posts\/1769","targetHints":{"allow":["GET"]}}],"collection":[{"href":"https:\/\/factznews.com\/index.php?rest_route=\/wp\/v2\/posts"}],"about":[{"href":"https:\/\/factznews.com\/index.php?rest_route=\/wp\/v2\/types\/post"}],"author":[{"embeddable":true,"href":"https:\/\/factznews.com\/index.php?rest_route=\/wp\/v2\/users\/1"}],"replies":[{"embeddable":true,"href":"https:\/\/factznews.com\/index.php?rest_route=%2Fwp%2Fv2%2Fcomments&post=1769"}],"version-history":[{"count":1,"href":"https:\/\/factznews.com\/index.php?rest_route=\/wp\/v2\/posts\/1769\/revisions"}],"predecessor-version":[{"id":1770,"href":"https:\/\/factznews.com\/index.php?rest_route=\/wp\/v2\/posts\/1769\/revisions\/1770"}],"wp:attachment":[{"href":"https:\/\/factznews.com\/index.php?rest_route=%2Fwp%2Fv2%2Fmedia&parent=1769"}],"wp:term":[{"taxonomy":"category","embeddable":true,"href":"https:\/\/factznews.com\/index.php?rest_route=%2Fwp%2Fv2%2Fcategories&post=1769"},{"taxonomy":"post_tag","embeddable":true,"href":"https:\/\/factznews.com\/index.php?rest_route=%2Fwp%2Fv2%2Ftags&post=1769"}],"curies":[{"name":"wp","href":"https:\/\/api.w.org\/{rel}","templated":true}]}}