{"id":1797,"date":"2026-01-27T19:45:32","date_gmt":"2026-01-27T19:45:32","guid":{"rendered":"https:\/\/factznews.com\/?p=1797"},"modified":"2026-01-27T19:45:32","modified_gmt":"2026-01-27T19:45:32","slug":"1797","status":"publish","type":"post","link":"https:\/\/factznews.com\/?p=1797","title":{"rendered":""},"content":{"rendered":"<p>Aktiviteti sizmik ka rikthyer frik\u00ebn te banor\u00ebt e juglindjes s\u00eb vendit, pasi brenda vet\u00ebm 12 or\u00ebve jan\u00eb regjistruar kat\u00ebr l\u00ebkundje t\u00ebrmeti, t\u00eb cilat jan\u00eb ndjer\u00eb n\u00eb qytetin e Kor\u00e7\u00ebs dhe n\u00eb zonat p\u00ebrreth.<\/p>\n<p>N\u00eb 04:47, nj\u00eb t\u00ebrmet me magnitud\u00eb 2.7 ball\u00eb goditi zon\u00ebn e Bick\u00ebs.<\/p>\n<p>Por shqet\u00ebsimi \u00ebsht\u00eb shtuar ndjesh\u00ebm n\u00eb or\u00ebt e pasdites, kur tre t\u00ebrmete t\u00eb tjera jan\u00eb regjistruar brenda nj\u00eb harku kohor prej vet\u00ebm 50 minutash.<\/p>\n<p>N\u00eb or\u00ebn 15:22, nj\u00eb t\u00ebrmet me magnitud\u00eb 3.1 ball\u00eb, me epiqend\u00ebr n\u00eb Ho\u00e7isht, \u00ebsht\u00eb ndjer\u00eb duksh\u00ebm n\u00eb Kor\u00e7\u00eb dhe zonat p\u00ebrreth.<\/p>\n<p>Vet\u00ebm tre minuta m\u00eb pas, n\u00eb 15:25, nj\u00eb tjet\u00ebr l\u00ebkundje me magnitud\u00eb 3.0 ball\u00eb ka pasur epiqendr\u00ebn n\u00eb Grac\u00eb.<\/p>\n<p>T\u00ebrmeti i kat\u00ebrt \u00ebsht\u00eb regjistruar n\u00eb or\u00ebn 16:12, me epiqend\u00ebr n\u00eb Plas\u00eb, me magnitud\u00eb 2.6 ball\u00eb.<\/p>\n<p>Megjith\u00ebse magnitudat kan\u00eb qen\u00eb t\u00eb moderuara, frekuenca e lart\u00eb e l\u00ebkundjeve brenda nj\u00eb kohe kaq t\u00eb shkurt\u00ebr ka rritur ndjesin\u00eb e pasiguris\u00eb te qytetar\u00ebt.<\/p>\n<p>Deri n\u00eb k\u00ebto momente nuk raportohet p\u00ebr d\u00ebme materiale apo persona t\u00eb l\u00ebnduar, nd\u00ebrsa autoritetet dhe specialist\u00ebt e sizmologjis\u00eb po monitorojn\u00eb situat\u00ebn.<\/p>\n<p>Sipas ekspert\u00ebve, zona e juglindjes njihet p\u00ebr aktivitet sizmik, por kat\u00ebr t\u00ebrmete brenda 12 or\u00ebve mbeten nj\u00eb zhvillim q\u00eb k\u00ebrkon v\u00ebmendje.<\/p>\n","protected":false},"excerpt":{"rendered":"<p>Aktiviteti sizmik ka rikthyer frik\u00ebn te banor\u00ebt e juglindjes s\u00eb vendit, pasi brenda vet\u00ebm 12 or\u00ebve jan\u00eb regjistruar kat\u00ebr l\u00ebkundje t\u00ebrmeti, t\u00eb cilat jan\u00eb ndjer\u00eb n\u00eb qytetin e Kor\u00e7\u00ebs dhe n\u00eb zonat p\u00ebrreth. N\u00eb 04:47, nj\u00eb t\u00ebrmet me magnitud\u00eb 2.7 ball\u00eb goditi zon\u00ebn e Bick\u00ebs. Por shqet\u00ebsimi \u00ebsht\u00eb shtuar ndjesh\u00ebm n\u00eb or\u00ebt e pasdites, kur&#8230;<\/p>\n<p class=\"more-link-wrap\"><a href=\"https:\/\/factznews.com\/?p=1797\" class=\"more-link\">Read More<span class=\"screen-reader-text\"> &ldquo;&rdquo;<\/span> &raquo;<\/a><\/p>\n","protected":false},"author":1,"featured_media":0,"comment_status":"open","ping_status":"open","sticky":false,"template":"","format":"standard","meta":{"footnotes":""},"categories":[5],"tags":[],"class_list":["post-1797","post","type-post","status-publish","format-standard","hentry","category-news"],"_links":{"self":[{"href":"https:\/\/factznews.com\/index.php?rest_route=\/wp\/v2\/posts\/1797","targetHints":{"allow":["GET"]}}],"collection":[{"href":"https:\/\/factznews.com\/index.php?rest_route=\/wp\/v2\/posts"}],"about":[{"href":"https:\/\/factznews.com\/index.php?rest_route=\/wp\/v2\/types\/post"}],"author":[{"embeddable":true,"href":"https:\/\/factznews.com\/index.php?rest_route=\/wp\/v2\/users\/1"}],"replies":[{"embeddable":true,"href":"https:\/\/factznews.com\/index.php?rest_route=%2Fwp%2Fv2%2Fcomments&post=1797"}],"version-history":[{"count":1,"href":"https:\/\/factznews.com\/index.php?rest_route=\/wp\/v2\/posts\/1797\/revisions"}],"predecessor-version":[{"id":1798,"href":"https:\/\/factznews.com\/index.php?rest_route=\/wp\/v2\/posts\/1797\/revisions\/1798"}],"wp:attachment":[{"href":"https:\/\/factznews.com\/index.php?rest_route=%2Fwp%2Fv2%2Fmedia&parent=1797"}],"wp:term":[{"taxonomy":"category","embeddable":true,"href":"https:\/\/factznews.com\/index.php?rest_route=%2Fwp%2Fv2%2Fcategories&post=1797"},{"taxonomy":"post_tag","embeddable":true,"href":"https:\/\/factznews.com\/index.php?rest_route=%2Fwp%2Fv2%2Ftags&post=1797"}],"curies":[{"name":"wp","href":"https:\/\/api.w.org\/{rel}","templated":true}]}}