{"id":1805,"date":"2026-01-27T20:14:21","date_gmt":"2026-01-27T20:14:21","guid":{"rendered":"https:\/\/factznews.com\/?p=1805"},"modified":"2026-01-27T20:14:21","modified_gmt":"2026-01-27T20:14:21","slug":"1805","status":"publish","type":"post","link":"https:\/\/factznews.com\/?p=1805","title":{"rendered":""},"content":{"rendered":"<p>Durr\u00ebs, 27 janar 2026 \u2013 \u00cbsht\u00eb zbardhur d\u00ebshmia e 56-vje\u00e7arit Mikel Ndoj, i arrestuar pasi plagosi me mjet prer\u00ebs vajz\u00ebn e tij 24-vje\u00e7are dhe nj\u00eb shtetas tjet\u00ebr, paraditen e s\u00eb h\u00ebn\u00ebs n\u00eb lagjen nr. 12 t\u00eb qytetit t\u00eb Durr\u00ebsit.<\/p>\n<p>Gjat\u00eb deklarimit t\u00eb dh\u00ebn\u00eb para hetuesve, Ndoj ka shprehur pendes\u00eb p\u00ebr veprimet e tij, duke pohuar se n\u00eb momentin e ngjarjes ndodhej n\u00eb gjendje t\u00eb r\u00ebnduar psikologjike dhe n\u00ebn efektin e alkoolit.<\/p>\n<p>Sipas tij, konflikti ka lindur pas p\u00ebrpjekjes p\u00ebr t\u2019u ribashkuar me familjen, nga e cila ishte ndar\u00eb prej rreth gjasht\u00eb vitesh. 56-vje\u00e7ari ka deklaruar se kishte shkuar n\u00eb vendin e pun\u00ebs s\u00eb vajz\u00ebs p\u00ebr t\u00eb biseduar me t\u00eb, por situata \u00ebsht\u00eb p\u00ebrshkall\u00ebzuar pas refuzimit t\u00eb saj p\u00ebr t\u00eb pasur kontakte me t\u00eb atin.<\/p>\n<p>N\u00eb d\u00ebshmin\u00eb e tij, ai ka pohuar se nuk mban mend me sakt\u00ebsi momentet e ngjarjes, nd\u00ebrsa ka shprehur keqardhje t\u00eb thell\u00eb p\u00ebr plagosjen e vajz\u00ebs dhe t\u00eb shtetasit Onard Memlika, i cili nd\u00ebrhyri p\u00ebr t\u00eb parandaluar konfliktin dhe mbeti i d\u00ebmtuar.<\/p>\n<p>\u201cShkova te vendi i pun\u00ebs s\u00eb vajz\u00ebs pasi nuk po m\u00eb p\u00ebrgjigjej n\u00eb telefon. Dua t\u00eb ribashkohem me familjen por vajza ka ndikuar negativisht. Nuk donte t\u00eb kishte t\u00eb b\u00ebnte m\u00eb me mua, m\u00eb shp\u00ebrfillte, m\u00eb injoronte. Shkova p\u00ebr t\u2019i th\u00ebn\u00eb se doja t\u00eb bisedoja me t\u00eb, por m\u00eb tha se nuk dua t\u00eb kem asnj\u00eb lidhje me ty, p\u00ebr mua nuk ekziston m\u00eb. N\u00eb k\u00ebt\u00eb moment m\u2019u err\u00ebsuan syt\u00eb, i thash\u00eb hajde dalim pak p\u00ebrjashta q\u00eb t\u00eb flasim. Ajo m\u00eb shtyu. Nuk mbaj mend m\u00eb se \u00e7far\u00eb ndodhi. Ishte edhe nj\u00eb djal\u00eb aty q\u00eb nd\u00ebrhyri n\u00eb ato momente. Teksa po tentonte t\u00eb m\u00eb largonte u pre nga thika edhe ai. M\u00eb pas ika dhe u fsheva diku af\u00ebr repartit t\u00eb zjarrfik\u00ebses. Aty e kuptova \u00e7far\u00eb kishte ndodhur. Un\u00eb isha n\u00eb gjendje t\u00eb r\u00ebnduar psikologjike dhe kisha konsumuar alkool. M\u00eb vjen shum\u00eb keq p\u00ebr at\u00eb q\u00eb ndodhi. Jam penduar shum\u00eb. U k\u00ebrkoj falje vajz\u00ebs dhe djalit q\u00eb u plagos. Djalin nuk e njihja fare. Nuk di \u00e7far\u00eb t\u00eb them, ndihem shum\u00eb keq\u201d, ka d\u00ebshmuar 56-vje\u00e7ari.<\/p>\n<p>Ngjarja ndodhi m\u00ebngjesin e 26 janarit, nd\u00ebrsa hetimet paraprake tregojn\u00eb se prind\u00ebrit e vajz\u00ebs ishin divorcuar p\u00ebr shkak t\u00eb dhun\u00ebs n\u00eb familje, \u00e7ka kishte \u00e7uar n\u00eb largimin e 56-vje\u00e7arit jasht\u00eb vendit p\u00ebr disa vite.<\/p>\n<p>Sipas burimeve zyrtare, Mikel Ndoj rezulton me precedent penal n\u00eb Itali p\u00ebr vepra t\u00eb dhun\u00ebs. Pas rikthimit t\u00eb tij n\u00eb Shqip\u00ebri dhe p\u00ebrpjekjeve p\u00ebr ribashkim familjar, refuzimi i vajz\u00ebs ka \u00e7uar n\u00eb konfliktin q\u00eb p\u00ebrfundoi me plagosjen e saj dhe t\u00eb nj\u00eb kalimtari t\u00eb rastit.<\/p>\n<p>T\u00eb plagosurit ndodhen n\u00ebn kujdesin e mjek\u00ebve, nd\u00ebrsa ndaj autorit po vijojn\u00eb procedurat ligjore p\u00ebr vepr\u00ebn penale t\u00eb plagosjes s\u00eb r\u00ebnd\u00eb me dashje.<\/p>\n","protected":false},"excerpt":{"rendered":"<p>Durr\u00ebs, 27 janar 2026 \u2013 \u00cbsht\u00eb zbardhur d\u00ebshmia e 56-vje\u00e7arit Mikel Ndoj, i arrestuar pasi plagosi me mjet prer\u00ebs vajz\u00ebn e tij 24-vje\u00e7are dhe nj\u00eb shtetas tjet\u00ebr, paraditen e s\u00eb h\u00ebn\u00ebs n\u00eb lagjen nr. 12 t\u00eb qytetit t\u00eb Durr\u00ebsit. Gjat\u00eb deklarimit t\u00eb dh\u00ebn\u00eb para hetuesve, Ndoj ka shprehur pendes\u00eb p\u00ebr veprimet e tij, duke pohuar&#8230;<\/p>\n<p class=\"more-link-wrap\"><a href=\"https:\/\/factznews.com\/?p=1805\" class=\"more-link\">Read More<span class=\"screen-reader-text\"> &ldquo;&rdquo;<\/span> &raquo;<\/a><\/p>\n","protected":false},"author":1,"featured_media":0,"comment_status":"open","ping_status":"open","sticky":false,"template":"","format":"standard","meta":{"footnotes":""},"categories":[5],"tags":[],"class_list":["post-1805","post","type-post","status-publish","format-standard","hentry","category-news"],"_links":{"self":[{"href":"https:\/\/factznews.com\/index.php?rest_route=\/wp\/v2\/posts\/1805","targetHints":{"allow":["GET"]}}],"collection":[{"href":"https:\/\/factznews.com\/index.php?rest_route=\/wp\/v2\/posts"}],"about":[{"href":"https:\/\/factznews.com\/index.php?rest_route=\/wp\/v2\/types\/post"}],"author":[{"embeddable":true,"href":"https:\/\/factznews.com\/index.php?rest_route=\/wp\/v2\/users\/1"}],"replies":[{"embeddable":true,"href":"https:\/\/factznews.com\/index.php?rest_route=%2Fwp%2Fv2%2Fcomments&post=1805"}],"version-history":[{"count":1,"href":"https:\/\/factznews.com\/index.php?rest_route=\/wp\/v2\/posts\/1805\/revisions"}],"predecessor-version":[{"id":1807,"href":"https:\/\/factznews.com\/index.php?rest_route=\/wp\/v2\/posts\/1805\/revisions\/1807"}],"wp:attachment":[{"href":"https:\/\/factznews.com\/index.php?rest_route=%2Fwp%2Fv2%2Fmedia&parent=1805"}],"wp:term":[{"taxonomy":"category","embeddable":true,"href":"https:\/\/factznews.com\/index.php?rest_route=%2Fwp%2Fv2%2Fcategories&post=1805"},{"taxonomy":"post_tag","embeddable":true,"href":"https:\/\/factznews.com\/index.php?rest_route=%2Fwp%2Fv2%2Ftags&post=1805"}],"curies":[{"name":"wp","href":"https:\/\/api.w.org\/{rel}","templated":true}]}}