{"id":4487,"date":"2026-02-21T20:38:22","date_gmt":"2026-02-21T20:38:22","guid":{"rendered":"https:\/\/factznews.com\/?p=4487"},"modified":"2026-02-21T20:38:22","modified_gmt":"2026-02-21T20:38:22","slug":"shkurti-do-vazhdoje-me-shiun-ne-mars-del-dielli-meteorologia-njofton-lajmin-e-madh","status":"publish","type":"post","link":"https:\/\/factznews.com\/?p=4487","title":{"rendered":"\u201cShk\u00f9rti do v\u00e1zhdoje me sh\u00eeun, ne m\u00e1rs del d\u00eeelli\u201d, mete\u00f2rol\u00f2gia njofton l\u00e1jmin e madh"},"content":{"rendered":"<p>Vendi yn\u00eb po p\u00ebrballet me nj\u00eb mot t\u00eb paq\u00ebndruesh\u00ebm q\u00eb prej fillimit t\u00eb k\u00ebtij muaji, me reshje t\u00eb vazhdueshme shiu q\u00eb parashikohet t\u00eb vijojn\u00eb edhe n\u00eb jav\u00ebt e ardhshme. Sipas Anira Gjonit nga Instituti i Gjeoshkencave, muaji shkurt po sh\u00ebnon temperatura m\u00eb t\u00eb larta se mesatarja shum\u00ebvje\u00e7are.<\/p>\n<p>P\u00ebr sa i p\u00ebrket parashikimit t\u00eb detajuar p\u00ebr dit\u00ebt n\u00eb vijim, situata mbetet dinamike me nj\u00eb nd\u00ebrthurje mes reshjeve intensive dhe r\u00ebnies s\u00eb temperaturave.<\/p>\n<p>Reshjet intensive dhe zonat e rrezikuara<br \/>\nGjat\u00eb dit\u00ebs s\u00eb sotme dhe t\u00eb nes\u00ebrme, priten reshje mesatare deri n\u00eb intensive n\u00eb disa qarqe kryesore t\u00eb vendit:<\/p>\n<p>Veri dhe Lindje: Shkod\u00ebr, Dib\u00ebr dhe Lezh\u00eb.<\/p>\n<p>Qend\u00ebr: Durr\u00ebs, Tiran\u00eb dhe Elbasan.<\/p>\n<p>Jug: Vlor\u00eb dhe Gjirokast\u00ebr.<\/p>\n<p>Nd\u00ebrprerja e p\u00ebrkohshme dhe d\u00ebbora<br \/>\nDita e m\u00ebrkur\u00eb do t\u00eb sh\u00ebnoj\u00eb nj\u00eb kthes\u00eb afatshkurt\u00ebr, ku pritet nj\u00eb nd\u00ebrprerje e reshjeve t\u00eb shiut. Megjithat\u00eb, kjo dit\u00eb do t\u00eb shoq\u00ebrohet me ulje t\u00eb temperaturave, duke favorizuar reshjet e d\u00ebbor\u00ebs n\u00eb Alpe dhe n\u00eb zonat lindore n\u00eb lart\u00ebsit\u00eb mbi 600 metra.<\/p>\n<p>Gjithashtu, t\u00eb m\u00ebrkur\u00ebn temperaturat minimale n\u00eb zonat malore pritet t\u00eb zbresin deri n\u00eb -5 grad\u00eb Celsius. Kjo r\u00ebnie do t\u00eb shkaktoj\u00eb ngrica n\u00eb rrug\u00eb, andaj drejtuesit e automjeteve duhet t\u00eb tregojn\u00eb kujdes maksimal gjat\u00eb qarkullimit.<\/p>\n<p>Parashikimi i temperaturave p\u00ebr t\u00eb nes\u00ebrmen<br \/>\nZona\tTemperaturat e Parashikuara<br \/>\nZonat Bregdetare\t9 \u2013 10 \u00b0C<br \/>\nZonat e Ul\u00ebta\t6 \u2013 9 \u00b0C<br \/>\nZonat Malore\t-1 deri n\u00eb 4 \u00b0C<br \/>\nKur do t\u00eb kthehet dielli?<br \/>\nEdhe pse e enjtja do t\u00eb rikthej\u00eb s\u00ebrish reshjet n\u00eb t\u00eb gjith\u00eb vendin, muaji shkurt parashikohet t\u00eb mbyllet n\u00ebn k\u00ebt\u00eb atmosfer\u00eb t\u00eb paq\u00ebndrueshme. Lajmi i mir\u00eb vjen me nisjen e muajit mars, i cili pritet t\u00eb sjell\u00eb nd\u00ebrprerjen e reshjeve dhe rikthimin e shum\u00ebpritur t\u00eb dit\u00ebve me diell.<\/p>\n","protected":false},"excerpt":{"rendered":"<p>Vendi yn\u00eb po p\u00ebrballet me nj\u00eb mot t\u00eb paq\u00ebndruesh\u00ebm q\u00eb prej fillimit t\u00eb k\u00ebtij muaji, me reshje t\u00eb vazhdueshme shiu q\u00eb parashikohet t\u00eb vijojn\u00eb edhe n\u00eb jav\u00ebt e ardhshme. Sipas Anira Gjonit nga Instituti i Gjeoshkencave, muaji shkurt po sh\u00ebnon temperatura m\u00eb t\u00eb larta se mesatarja shum\u00ebvje\u00e7are. P\u00ebr sa i p\u00ebrket parashikimit t\u00eb detajuar p\u00ebr&#8230;<\/p>\n<p class=\"more-link-wrap\"><a href=\"https:\/\/factznews.com\/?p=4487\" class=\"more-link\">Read More<span class=\"screen-reader-text\"> &ldquo;\u201cShk\u00f9rti do v\u00e1zhdoje me sh\u00eeun, ne m\u00e1rs del d\u00eeelli\u201d, mete\u00f2rol\u00f2gia njofton l\u00e1jmin e madh&rdquo;<\/span> &raquo;<\/a><\/p>\n","protected":false},"author":1,"featured_media":4413,"comment_status":"open","ping_status":"open","sticky":false,"template":"","format":"standard","meta":{"footnotes":""},"categories":[5],"tags":[],"class_list":["post-4487","post","type-post","status-publish","format-standard","has-post-thumbnail","hentry","category-news"],"_links":{"self":[{"href":"https:\/\/factznews.com\/index.php?rest_route=\/wp\/v2\/posts\/4487","targetHints":{"allow":["GET"]}}],"collection":[{"href":"https:\/\/factznews.com\/index.php?rest_route=\/wp\/v2\/posts"}],"about":[{"href":"https:\/\/factznews.com\/index.php?rest_route=\/wp\/v2\/types\/post"}],"author":[{"embeddable":true,"href":"https:\/\/factznews.com\/index.php?rest_route=\/wp\/v2\/users\/1"}],"replies":[{"embeddable":true,"href":"https:\/\/factznews.com\/index.php?rest_route=%2Fwp%2Fv2%2Fcomments&post=4487"}],"version-history":[{"count":1,"href":"https:\/\/factznews.com\/index.php?rest_route=\/wp\/v2\/posts\/4487\/revisions"}],"predecessor-version":[{"id":4488,"href":"https:\/\/factznews.com\/index.php?rest_route=\/wp\/v2\/posts\/4487\/revisions\/4488"}],"wp:featuredmedia":[{"embeddable":true,"href":"https:\/\/factznews.com\/index.php?rest_route=\/wp\/v2\/media\/4413"}],"wp:attachment":[{"href":"https:\/\/factznews.com\/index.php?rest_route=%2Fwp%2Fv2%2Fmedia&parent=4487"}],"wp:term":[{"taxonomy":"category","embeddable":true,"href":"https:\/\/factznews.com\/index.php?rest_route=%2Fwp%2Fv2%2Fcategories&post=4487"},{"taxonomy":"post_tag","embeddable":true,"href":"https:\/\/factznews.com\/index.php?rest_route=%2Fwp%2Fv2%2Ftags&post=4487"}],"curies":[{"name":"wp","href":"https:\/\/api.w.org\/{rel}","templated":true}]}}