{"id":4538,"date":"2026-02-22T14:38:03","date_gmt":"2026-02-22T14:38:03","guid":{"rendered":"https:\/\/factznews.com\/?p=4538"},"modified":"2026-02-22T14:38:03","modified_gmt":"2026-02-22T14:38:03","slug":"ndryshimi-drastik-i-motit-paralajmerimi-i-meteorologut-cfare-na-pret-ne-mars-3","status":"publish","type":"post","link":"https:\/\/factznews.com\/?p=4538","title":{"rendered":"Ndryshimi DRASTIK i motit\/ Paralajm\u00ebrimi i meteorologut: \u00c7far\u00eb na pret n\u00eb Mars"},"content":{"rendered":"<p>Meteorologu Hakil Osmani njoftoi se fundjava do t\u00eb karakterizohet kryesisht nga mot i q\u00ebndruesh\u00ebm dhe intervale t\u00eb gjata me diell, me p\u00ebrjashtim t\u00eb disa momenteve t\u00eb pakta me reshje shiu q\u00eb priten gjat\u00eb pasdites n\u00eb pjes\u00ebn lindore t\u00eb vendit.<\/p>\n<p>\u201cDita e diel do t\u00eb sjell\u00eb temperatura minimale n\u00eb zonat malore rreth -1 deri -2\u00b0C, nd\u00ebrsa maksimumet n\u00eb k\u00ebto zona pritet t\u00eb jen\u00eb rreth 12\u00b0C.<\/p>\n<p>N\u00eb vij\u00ebn bregdetare, temperaturat do t\u00eb luhaten nga 8 deri n\u00eb 13\u00b0C n\u00eb m\u00ebngjes dhe 16-17\u00b0C n\u00eb mesdit\u00eb,\u201d tha Osmani, duke theksuar se moti i q\u00ebndruesh\u00ebm do t\u00eb mbizot\u00ebroj\u00eb edhe gjat\u00eb jav\u00ebs q\u00eb vjen.<\/p>\n<p>P\u00ebr muajin mars, Osmani paralajm\u00ebroi nj\u00eb rritje graduale t\u00eb temperaturave, duke e konsideruar k\u00ebt\u00eb periudh\u00eb si nj\u00eb kalim nga dimri drejt pranver\u00ebs.<\/p>\n<p>\u201cN\u00eb mars reshjet jan\u00eb m\u00eb se prezente her\u00eb pas here, dhe rritja e temperaturave mund t\u00eb ndikoj\u00eb edhe n\u00eb zhvillime t\u00eb p\u00ebrkohshme t\u00eb cikloneve q\u00eb prekin territorin shqiptar. Prania e diellit dhe temperaturat m\u00eb t\u00eb larta n\u00eb vij\u00ebn bregdetare do t\u00eb jen\u00eb karakteristike p\u00ebr dit\u00ebt e ardhshme\u201d shtoi meteorologu.<\/p>\n","protected":false},"excerpt":{"rendered":"<p>Meteorologu Hakil Osmani njoftoi se fundjava do t\u00eb karakterizohet kryesisht nga mot i q\u00ebndruesh\u00ebm dhe intervale t\u00eb gjata me diell, me p\u00ebrjashtim t\u00eb disa momenteve t\u00eb pakta me reshje shiu q\u00eb priten gjat\u00eb pasdites n\u00eb pjes\u00ebn lindore t\u00eb vendit. \u201cDita e diel do t\u00eb sjell\u00eb temperatura minimale n\u00eb zonat malore rreth -1 deri -2\u00b0C, nd\u00ebrsa&#8230;<\/p>\n<p class=\"more-link-wrap\"><a href=\"https:\/\/factznews.com\/?p=4538\" class=\"more-link\">Read More<span class=\"screen-reader-text\"> &ldquo;Ndryshimi DRASTIK i motit\/ Paralajm\u00ebrimi i meteorologut: \u00c7far\u00eb na pret n\u00eb Mars&rdquo;<\/span> &raquo;<\/a><\/p>\n","protected":false},"author":1,"featured_media":4539,"comment_status":"open","ping_status":"open","sticky":false,"template":"","format":"standard","meta":{"footnotes":""},"categories":[5],"tags":[],"class_list":["post-4538","post","type-post","status-publish","format-standard","has-post-thumbnail","hentry","category-news"],"_links":{"self":[{"href":"https:\/\/factznews.com\/index.php?rest_route=\/wp\/v2\/posts\/4538","targetHints":{"allow":["GET"]}}],"collection":[{"href":"https:\/\/factznews.com\/index.php?rest_route=\/wp\/v2\/posts"}],"about":[{"href":"https:\/\/factznews.com\/index.php?rest_route=\/wp\/v2\/types\/post"}],"author":[{"embeddable":true,"href":"https:\/\/factznews.com\/index.php?rest_route=\/wp\/v2\/users\/1"}],"replies":[{"embeddable":true,"href":"https:\/\/factznews.com\/index.php?rest_route=%2Fwp%2Fv2%2Fcomments&post=4538"}],"version-history":[{"count":1,"href":"https:\/\/factznews.com\/index.php?rest_route=\/wp\/v2\/posts\/4538\/revisions"}],"predecessor-version":[{"id":4540,"href":"https:\/\/factznews.com\/index.php?rest_route=\/wp\/v2\/posts\/4538\/revisions\/4540"}],"wp:featuredmedia":[{"embeddable":true,"href":"https:\/\/factznews.com\/index.php?rest_route=\/wp\/v2\/media\/4539"}],"wp:attachment":[{"href":"https:\/\/factznews.com\/index.php?rest_route=%2Fwp%2Fv2%2Fmedia&parent=4538"}],"wp:term":[{"taxonomy":"category","embeddable":true,"href":"https:\/\/factznews.com\/index.php?rest_route=%2Fwp%2Fv2%2Fcategories&post=4538"},{"taxonomy":"post_tag","embeddable":true,"href":"https:\/\/factznews.com\/index.php?rest_route=%2Fwp%2Fv2%2Ftags&post=4538"}],"curies":[{"name":"wp","href":"https:\/\/api.w.org\/{rel}","templated":true}]}}