{"id":4556,"date":"2026-02-22T15:04:09","date_gmt":"2026-02-22T15:04:09","guid":{"rendered":"https:\/\/factznews.com\/?p=4556"},"modified":"2026-02-22T15:04:09","modified_gmt":"2026-02-22T15:04:09","slug":"kriset-marredhenia-mateo-brikena-arber-hajdari-banorit-dyshoj-qe-ke-ndjenja-ndaj-saj","status":"publish","type":"post","link":"https:\/\/factznews.com\/?p=4556","title":{"rendered":"Kr\u00ees\u00e8t m\u00e1rr\u00e8dh\u00e8nia M\u00e1teo-Br\u00eek\u00e8na? Arb\u00e8r H\u00e1jd\u00e1ri-b\u00e1norit: Dysh\u00f2j q\u00eb k\u00e8 ndj\u00e8nja nd\u00e1j saj"},"content":{"rendered":"<p>Marr\u00ebdh\u00ebnia mes Mateos dhe Briken\u00ebs ka hyr\u00eb n\u00eb nj\u00eb faz\u00eb tensioni gjat\u00eb dit\u00ebve t\u00eb fundit.<\/p>\n<p>Debati nisi pas nj\u00eb basti q\u00eb Brikena b\u00ebri me Mirin dhe vendimit t\u00eb saj p\u00ebr t\u00eb hyr\u00eb n\u00eb pishin\u00eb. Mateo e cil\u00ebsoi veprimin \u201cpa lidhje\u201d dhe pranoi se raporti mes tyre ka ndryshuar si pasoj\u00eb e disa hat\u00ebrmbetjeve t\u00eb akumuluara.<\/p>\n<p>N\u00eb bised\u00eb nd\u00ebrhyri opinionisti Arb\u00ebr Hajdari, i cili vuri n\u00eb pik\u00ebpyetje ndjenjat e Mateos p\u00ebr Briken\u00ebn dhe e kritikoi p\u00ebr q\u00ebndrimin e tij.<\/p>\n<p>\u201cIsha i pari q\u00eb kam besuar te marr\u00ebdh\u00ebnia jote. Nuk arrin t\u00eb duash dik\u00eb n\u00ebse nuk uron t\u00eb nj\u00ebjtat arritje q\u00eb uron p\u00ebr veten. Kam p\u00ebrshtypjen q\u00eb sjellja dhe q\u00ebndrimet e Briken\u00ebs kan\u00eb qen\u00eb korrekte. Ajo ka hyr\u00eb p\u00ebr veten dhe ka t\u00eb drejt\u00eb t\u00eb luaj\u00eb e t\u00eb fitoj\u00eb. Mos u trego mosmir\u00ebnjoh\u00ebs. Ki respekt dhe m\u00eb d\u00ebgjo deri n\u00eb fund. Nuk e shoh Mateon t\u00eb ket\u00eb interes p\u00ebr Briken\u00ebn. \u00cbsht\u00eb e padrejt\u00eb t\u00eb duash t\u00eb jesh i preferuar dhe t\u00eb mos urosh t\u00eb nj\u00ebjt\u00ebn gj\u00eb p\u00ebr njeriun q\u00eb ke pran\u00eb. Kam dyshime q\u00eb ke ndjenja p\u00ebr Briken\u00ebn\u201d, u shpreh Hajdari.<\/p>\n<p>Mateo kund\u00ebrshtoi pretendimet se p\u00ebrplasja lidhej me Mirin dhe sqaroi pozicionin e tij n\u00eb raport me Briken\u00ebn.<\/p>\n<p>\u201cSituata me Mirin ishte e fundit fare. Karshi Briken\u00ebs e kam ulur egon jasht\u00eb mase. Xheloz p\u00ebr Briken\u00ebn jam, kam t\u00eb drejt\u00ebn time t\u2019i them \u2018kujdes\u2019. Parimisht e vler\u00ebsoj Briken\u00ebn si njeri\u201d, tha ai.<\/p>\n<p>Edhe Brikena reagoi pas deklaratave t\u00eb Mateos. Ajo tha se u ndje mir\u00eb p\u00ebr intervist\u00ebn e tij, por theksoi se disa komente nuk i kishin p\u00eblqyer dhe ia kishte shprehur drejtp\u00ebrdrejt.<\/p>\n<p>\u201cNuk m\u00eb ka ardhur mir\u00eb p\u00ebr 2-3 gj\u00ebra dhe ia kam th\u00ebn\u00eb. Edhe un\u00eb mendoj se Selin \u00ebsht\u00eb banore e fort\u00eb dhe e vler\u00ebsoj si vajz\u00eb, por pse t\u00eb mos p\u00ebrmendet edhe emri im? I thash\u00eb: pse l\u00eb vend p\u00ebr keqkuptime?\u201d, u shpreh ajo.<\/p>\n","protected":false},"excerpt":{"rendered":"<p>Marr\u00ebdh\u00ebnia mes Mateos dhe Briken\u00ebs ka hyr\u00eb n\u00eb nj\u00eb faz\u00eb tensioni gjat\u00eb dit\u00ebve t\u00eb fundit. Debati nisi pas nj\u00eb basti q\u00eb Brikena b\u00ebri me Mirin dhe vendimit t\u00eb saj p\u00ebr t\u00eb hyr\u00eb n\u00eb pishin\u00eb. Mateo e cil\u00ebsoi veprimin \u201cpa lidhje\u201d dhe pranoi se raporti mes tyre ka ndryshuar si pasoj\u00eb e disa hat\u00ebrmbetjeve t\u00eb akumuluara&#8230;.<\/p>\n<p class=\"more-link-wrap\"><a href=\"https:\/\/factznews.com\/?p=4556\" class=\"more-link\">Read More<span class=\"screen-reader-text\"> &ldquo;Kr\u00ees\u00e8t m\u00e1rr\u00e8dh\u00e8nia M\u00e1teo-Br\u00eek\u00e8na? Arb\u00e8r H\u00e1jd\u00e1ri-b\u00e1norit: Dysh\u00f2j q\u00eb k\u00e8 ndj\u00e8nja nd\u00e1j saj&rdquo;<\/span> &raquo;<\/a><\/p>\n","protected":false},"author":1,"featured_media":4557,"comment_status":"open","ping_status":"open","sticky":false,"template":"","format":"standard","meta":{"footnotes":""},"categories":[5],"tags":[],"class_list":["post-4556","post","type-post","status-publish","format-standard","has-post-thumbnail","hentry","category-news"],"_links":{"self":[{"href":"https:\/\/factznews.com\/index.php?rest_route=\/wp\/v2\/posts\/4556","targetHints":{"allow":["GET"]}}],"collection":[{"href":"https:\/\/factznews.com\/index.php?rest_route=\/wp\/v2\/posts"}],"about":[{"href":"https:\/\/factznews.com\/index.php?rest_route=\/wp\/v2\/types\/post"}],"author":[{"embeddable":true,"href":"https:\/\/factznews.com\/index.php?rest_route=\/wp\/v2\/users\/1"}],"replies":[{"embeddable":true,"href":"https:\/\/factznews.com\/index.php?rest_route=%2Fwp%2Fv2%2Fcomments&post=4556"}],"version-history":[{"count":1,"href":"https:\/\/factznews.com\/index.php?rest_route=\/wp\/v2\/posts\/4556\/revisions"}],"predecessor-version":[{"id":4558,"href":"https:\/\/factznews.com\/index.php?rest_route=\/wp\/v2\/posts\/4556\/revisions\/4558"}],"wp:featuredmedia":[{"embeddable":true,"href":"https:\/\/factznews.com\/index.php?rest_route=\/wp\/v2\/media\/4557"}],"wp:attachment":[{"href":"https:\/\/factznews.com\/index.php?rest_route=%2Fwp%2Fv2%2Fmedia&parent=4556"}],"wp:term":[{"taxonomy":"category","embeddable":true,"href":"https:\/\/factznews.com\/index.php?rest_route=%2Fwp%2Fv2%2Fcategories&post=4556"},{"taxonomy":"post_tag","embeddable":true,"href":"https:\/\/factznews.com\/index.php?rest_route=%2Fwp%2Fv2%2Ftags&post=4556"}],"curies":[{"name":"wp","href":"https:\/\/api.w.org\/{rel}","templated":true}]}}