{"id":4570,"date":"2026-02-22T19:31:42","date_gmt":"2026-02-22T19:31:42","guid":{"rendered":"https:\/\/factznews.com\/?p=4570"},"modified":"2026-02-22T19:31:42","modified_gmt":"2026-02-22T19:31:42","slug":"selin-ben-deklarate-befasuese-lidhur-me-mirin-dhe-gruan-e-tij-video","status":"publish","type":"post","link":"https:\/\/factznews.com\/?p=4570","title":{"rendered":"Selin b\u00ebn deklarat\u00eb befasuese lidhur me Mirin dhe gruan e tij (Video)"},"content":{"rendered":"<p>Selin Bollati ka komentuar edhe nj\u00eb her\u00eb p\u00ebr raportin e saj me Armir Shahinin \u2013 Mirin.<\/p>\n<p>Kjo pasi m\u00ebsoi p\u00ebr \u2018Kutin\u00eb e Pandor\u00ebs\u2019 t\u00eb Mirit, fjal\u00ebt e babait t\u00eb saj q\u00eb kishte th\u00ebn\u00eb n\u00eb nj\u00eb emision.<\/p>\n<p>N\u00eb nj\u00eb bised\u00eb me Juel\u00ebn e Arditin, ajo ka l\u00ebn\u00eb t\u00eb dyshohet p\u00ebr marr\u00ebdh\u00ebnien q\u00eb k\u00ebng\u00ebtari ka jasht\u00eb me bashk\u00ebshorten.<\/p>\n<p>Teksa flet p\u00ebr rrjedh\u00ebn e historis\u00eb dhe at\u00eb se si erdhi k\u00ebtu, banorja b\u00ebri dhe nj\u00eb deklarat\u00eb t\u00eb fort\u00eb.<\/p>\n<p>\u201cMua m\u00eb ka shkuar mendja q\u00eb Miri jasht\u00eb me partneren e tij nuk ka nj\u00eb marr\u00ebdh\u00ebnie konkrete\u201d, u shpreh ajo.<\/p>\n<p>Selin u bazua edhe n\u00eb fjal\u00ebt q\u00eb Miri i kishte th\u00ebn\u00eb dhe n\u00eb nj\u00eb form\u00eb ngacmimet ndaj saj.<\/p>\n<p>https:\/\/www.instagram.com\/reel\/DVEHvTrDAow\/?utm_source=ig_embed&#038;ig_rid=a7dd34e4-9f88-4981-aabe-d65c8cd28efb<\/p>\n","protected":false},"excerpt":{"rendered":"<p>Selin Bollati ka komentuar edhe nj\u00eb her\u00eb p\u00ebr raportin e saj me Armir Shahinin \u2013 Mirin. Kjo pasi m\u00ebsoi p\u00ebr \u2018Kutin\u00eb e Pandor\u00ebs\u2019 t\u00eb Mirit, fjal\u00ebt e babait t\u00eb saj q\u00eb kishte th\u00ebn\u00eb n\u00eb nj\u00eb emision. N\u00eb nj\u00eb bised\u00eb me Juel\u00ebn e Arditin, ajo ka l\u00ebn\u00eb t\u00eb dyshohet p\u00ebr marr\u00ebdh\u00ebnien q\u00eb k\u00ebng\u00ebtari ka jasht\u00eb me&#8230;<\/p>\n<p class=\"more-link-wrap\"><a href=\"https:\/\/factznews.com\/?p=4570\" class=\"more-link\">Read More<span class=\"screen-reader-text\"> &ldquo;Selin b\u00ebn deklarat\u00eb befasuese lidhur me Mirin dhe gruan e tij (Video)&rdquo;<\/span> &raquo;<\/a><\/p>\n","protected":false},"author":1,"featured_media":4557,"comment_status":"open","ping_status":"open","sticky":false,"template":"","format":"standard","meta":{"footnotes":""},"categories":[5],"tags":[],"class_list":["post-4570","post","type-post","status-publish","format-standard","has-post-thumbnail","hentry","category-news"],"_links":{"self":[{"href":"https:\/\/factznews.com\/index.php?rest_route=\/wp\/v2\/posts\/4570","targetHints":{"allow":["GET"]}}],"collection":[{"href":"https:\/\/factznews.com\/index.php?rest_route=\/wp\/v2\/posts"}],"about":[{"href":"https:\/\/factznews.com\/index.php?rest_route=\/wp\/v2\/types\/post"}],"author":[{"embeddable":true,"href":"https:\/\/factznews.com\/index.php?rest_route=\/wp\/v2\/users\/1"}],"replies":[{"embeddable":true,"href":"https:\/\/factznews.com\/index.php?rest_route=%2Fwp%2Fv2%2Fcomments&post=4570"}],"version-history":[{"count":1,"href":"https:\/\/factznews.com\/index.php?rest_route=\/wp\/v2\/posts\/4570\/revisions"}],"predecessor-version":[{"id":4571,"href":"https:\/\/factznews.com\/index.php?rest_route=\/wp\/v2\/posts\/4570\/revisions\/4571"}],"wp:featuredmedia":[{"embeddable":true,"href":"https:\/\/factznews.com\/index.php?rest_route=\/wp\/v2\/media\/4557"}],"wp:attachment":[{"href":"https:\/\/factznews.com\/index.php?rest_route=%2Fwp%2Fv2%2Fmedia&parent=4570"}],"wp:term":[{"taxonomy":"category","embeddable":true,"href":"https:\/\/factznews.com\/index.php?rest_route=%2Fwp%2Fv2%2Fcategories&post=4570"},{"taxonomy":"post_tag","embeddable":true,"href":"https:\/\/factznews.com\/index.php?rest_route=%2Fwp%2Fv2%2Ftags&post=4570"}],"curies":[{"name":"wp","href":"https:\/\/api.w.org\/{rel}","templated":true}]}}