{"id":4584,"date":"2026-02-22T19:59:37","date_gmt":"2026-02-22T19:59:37","guid":{"rendered":"https:\/\/factznews.com\/?p=4584"},"modified":"2026-02-22T19:59:37","modified_gmt":"2026-02-22T19:59:37","slug":"del-emri-qe-po-perflitet-per-te-marre-postin-e-zv-kryeministres-balluku","status":"publish","type":"post","link":"https:\/\/factznews.com\/?p=4584","title":{"rendered":"Del EMRI q\u00eb po p\u00ebrflitet p\u00ebr t\u00eb marr\u00eb \u201cpostin\u201d e zv\/kryeministres Balluku"},"content":{"rendered":"<p>Kryeministri Edi Rama duket se ka vendosur t\u00eb propozoj\u00eb emrin q\u00eb do t\u00eb mbaj\u00eb detyr\u00ebn e zv.kryeministrit, pas vendimit t\u00eb Gjykat\u00ebs Kushtetuese q\u00eb la n\u00eb fuqi pezullimin nga detyra t\u00eb Belinda Ballukut.<\/p>\n<p>N\u00eb koridoret e politik\u00ebs dhe Qeveris\u00eb ka nisur t\u00eb p\u00ebrflitet emri i Delina Ibrahimaj. Megjithat\u00eb duhet theksuar se ende nuk ka nj\u00eb em\u00ebr zyrtar apo vendim zyrtar p\u00ebr ndryshimin e numrit dy t\u00eb qeveris\u00eb.<\/p>\n<p>N\u00eb fund t\u00eb muajit n\u00ebntor SPAK i njoftoi akuz\u00ebn Belinda Ballukut p\u00ebr hetimin e tunelit t\u00eb Llogaras\u00eb. Po ashtu GJKKO vendosi pezullimin nga detyra. Veprimi u kund\u00ebrshtua nga Qeveria q\u00eb e cil\u00ebsoi nd\u00ebrhyrje n\u00eb kompetencat mes pushteteve.<\/p>\n<p>Delina Ibrahimaj ka lindur n\u00eb Tiran\u00eb, m\u00eb 23 dhjetor 1983. Q\u00eb prej muajit shtator 2025, ajo mban postin e Ministrit t\u00eb Ekonomis\u00eb dhe Inovacionit. P\u00ebrpara k\u00ebsaj detyre, duke nisur nga muaji shtator 2023, ajo ka ushtruar detyr\u00ebn e Ministrit t\u00eb Shtetit p\u00ebr Sip\u00ebrmarrjen dhe Klim\u00ebn e Biznesit.<\/p>\n","protected":false},"excerpt":{"rendered":"<p>Kryeministri Edi Rama duket se ka vendosur t\u00eb propozoj\u00eb emrin q\u00eb do t\u00eb mbaj\u00eb detyr\u00ebn e zv.kryeministrit, pas vendimit t\u00eb Gjykat\u00ebs Kushtetuese q\u00eb la n\u00eb fuqi pezullimin nga detyra t\u00eb Belinda Ballukut. N\u00eb koridoret e politik\u00ebs dhe Qeveris\u00eb ka nisur t\u00eb p\u00ebrflitet emri i Delina Ibrahimaj. Megjithat\u00eb duhet theksuar se ende nuk ka nj\u00eb em\u00ebr&#8230;<\/p>\n<p class=\"more-link-wrap\"><a href=\"https:\/\/factznews.com\/?p=4584\" class=\"more-link\">Read More<span class=\"screen-reader-text\"> &ldquo;Del EMRI q\u00eb po p\u00ebrflitet p\u00ebr t\u00eb marr\u00eb \u201cpostin\u201d e zv\/kryeministres Balluku&rdquo;<\/span> &raquo;<\/a><\/p>\n","protected":false},"author":1,"featured_media":4585,"comment_status":"open","ping_status":"open","sticky":false,"template":"","format":"standard","meta":{"footnotes":""},"categories":[5],"tags":[],"class_list":["post-4584","post","type-post","status-publish","format-standard","has-post-thumbnail","hentry","category-news"],"_links":{"self":[{"href":"https:\/\/factznews.com\/index.php?rest_route=\/wp\/v2\/posts\/4584","targetHints":{"allow":["GET"]}}],"collection":[{"href":"https:\/\/factznews.com\/index.php?rest_route=\/wp\/v2\/posts"}],"about":[{"href":"https:\/\/factznews.com\/index.php?rest_route=\/wp\/v2\/types\/post"}],"author":[{"embeddable":true,"href":"https:\/\/factznews.com\/index.php?rest_route=\/wp\/v2\/users\/1"}],"replies":[{"embeddable":true,"href":"https:\/\/factznews.com\/index.php?rest_route=%2Fwp%2Fv2%2Fcomments&post=4584"}],"version-history":[{"count":1,"href":"https:\/\/factznews.com\/index.php?rest_route=\/wp\/v2\/posts\/4584\/revisions"}],"predecessor-version":[{"id":4586,"href":"https:\/\/factznews.com\/index.php?rest_route=\/wp\/v2\/posts\/4584\/revisions\/4586"}],"wp:featuredmedia":[{"embeddable":true,"href":"https:\/\/factznews.com\/index.php?rest_route=\/wp\/v2\/media\/4585"}],"wp:attachment":[{"href":"https:\/\/factznews.com\/index.php?rest_route=%2Fwp%2Fv2%2Fmedia&parent=4584"}],"wp:term":[{"taxonomy":"category","embeddable":true,"href":"https:\/\/factznews.com\/index.php?rest_route=%2Fwp%2Fv2%2Fcategories&post=4584"},{"taxonomy":"post_tag","embeddable":true,"href":"https:\/\/factznews.com\/index.php?rest_route=%2Fwp%2Fv2%2Ftags&post=4584"}],"curies":[{"name":"wp","href":"https:\/\/api.w.org\/{rel}","templated":true}]}}