{"id":4634,"date":"2026-02-23T14:52:07","date_gmt":"2026-02-23T14:52:07","guid":{"rendered":"https:\/\/factznews.com\/?p=4634"},"modified":"2026-02-23T14:52:07","modified_gmt":"2026-02-23T14:52:07","slug":"protesta-e-se-shtunes-berisha-leshon-paralajmerimin-e-forte-do-nxjerrim","status":"publish","type":"post","link":"https:\/\/factznews.com\/?p=4634","title":{"rendered":"Protesta e s\u00eb shtun\u00ebs\/ Berisha \u201cl\u00ebshon\u201d paralajm\u00ebrimin e fort\u00eb: Do nxjerrim\u2026"},"content":{"rendered":"<p>Sali Berisha ka paralajm\u00ebruar se protesta e radh\u00ebs, t\u00eb shtun\u00ebn, do t\u00eb jet\u00eb nj\u00eb kryengritje q\u00eb kalon n\u00eb faz\u00ebn e diversifikimit t\u00eb aksioneve.<\/p>\n<p>\u201cDo jet\u00eb kryengritje nga m\u00eb t\u00eb fuqishmet, nuk do jet\u00eb e llojit t\u00eb atyre q\u00eb keni par\u00eb. Kryengritja kalon n\u00eb faz\u00ebn e diversifikimit t\u00eb aksioneve dhe veprimtaris\u00eb s\u00eb saj. Nd\u00ebrkoh\u00eb e dini, e shtuna \u00ebsht\u00eb dita e kryengritjes paq\u00ebsore. Qytetar\u00ebt mezi e presin p\u00ebr t\u00eb shprehur zem\u00ebrimin, revolt\u00ebn e tyre, urrejtjen e tyre ndaj hajdut\u00ebve.<\/p>\n<p>Dhe, do t\u00eb jet\u00eb nj\u00eb revolt\u00eb, nj\u00eb kryengritje do t\u00eb thosha m\u00eb e fuqishmja q\u00eb ka njohur vendi. Nuk do jet\u00eb e llojit t\u00eb atyre q\u00eb keni par\u00eb. Tani, kryengritja kalon n\u00eb faz\u00ebn e diversifikimit t\u00eb aksioneve dhe veprimtarive t\u00eb saj. P\u00ebr t\u00eb gjitha do informoheni n\u00eb p\u00ebrputhje me vendimet q\u00eb do merren. Por e shtuna \u00ebsht\u00eb dita e triumfit t\u00eb opozit\u00ebs, e triumfit t\u00eb shqiptar\u00ebve mbi hajdut\u00ebt\u201d, tha Berisha.<\/p>\n","protected":false},"excerpt":{"rendered":"<p>Sali Berisha ka paralajm\u00ebruar se protesta e radh\u00ebs, t\u00eb shtun\u00ebn, do t\u00eb jet\u00eb nj\u00eb kryengritje q\u00eb kalon n\u00eb faz\u00ebn e diversifikimit t\u00eb aksioneve. \u201cDo jet\u00eb kryengritje nga m\u00eb t\u00eb fuqishmet, nuk do jet\u00eb e llojit t\u00eb atyre q\u00eb keni par\u00eb. Kryengritja kalon n\u00eb faz\u00ebn e diversifikimit t\u00eb aksioneve dhe veprimtaris\u00eb s\u00eb saj. Nd\u00ebrkoh\u00eb e dini,&#8230;<\/p>\n<p class=\"more-link-wrap\"><a href=\"https:\/\/factznews.com\/?p=4634\" class=\"more-link\">Read More<span class=\"screen-reader-text\"> &ldquo;Protesta e s\u00eb shtun\u00ebs\/ Berisha \u201cl\u00ebshon\u201d paralajm\u00ebrimin e fort\u00eb: Do nxjerrim\u2026&rdquo;<\/span> &raquo;<\/a><\/p>\n","protected":false},"author":1,"featured_media":4635,"comment_status":"open","ping_status":"open","sticky":false,"template":"","format":"standard","meta":{"footnotes":""},"categories":[5],"tags":[],"class_list":["post-4634","post","type-post","status-publish","format-standard","has-post-thumbnail","hentry","category-news"],"_links":{"self":[{"href":"https:\/\/factznews.com\/index.php?rest_route=\/wp\/v2\/posts\/4634","targetHints":{"allow":["GET"]}}],"collection":[{"href":"https:\/\/factznews.com\/index.php?rest_route=\/wp\/v2\/posts"}],"about":[{"href":"https:\/\/factznews.com\/index.php?rest_route=\/wp\/v2\/types\/post"}],"author":[{"embeddable":true,"href":"https:\/\/factznews.com\/index.php?rest_route=\/wp\/v2\/users\/1"}],"replies":[{"embeddable":true,"href":"https:\/\/factznews.com\/index.php?rest_route=%2Fwp%2Fv2%2Fcomments&post=4634"}],"version-history":[{"count":1,"href":"https:\/\/factznews.com\/index.php?rest_route=\/wp\/v2\/posts\/4634\/revisions"}],"predecessor-version":[{"id":4636,"href":"https:\/\/factznews.com\/index.php?rest_route=\/wp\/v2\/posts\/4634\/revisions\/4636"}],"wp:featuredmedia":[{"embeddable":true,"href":"https:\/\/factznews.com\/index.php?rest_route=\/wp\/v2\/media\/4635"}],"wp:attachment":[{"href":"https:\/\/factznews.com\/index.php?rest_route=%2Fwp%2Fv2%2Fmedia&parent=4634"}],"wp:term":[{"taxonomy":"category","embeddable":true,"href":"https:\/\/factznews.com\/index.php?rest_route=%2Fwp%2Fv2%2Fcategories&post=4634"},{"taxonomy":"post_tag","embeddable":true,"href":"https:\/\/factznews.com\/index.php?rest_route=%2Fwp%2Fv2%2Ftags&post=4634"}],"curies":[{"name":"wp","href":"https:\/\/api.w.org\/{rel}","templated":true}]}}