{"id":4637,"date":"2026-02-23T14:55:00","date_gmt":"2026-02-23T14:55:00","guid":{"rendered":"https:\/\/factznews.com\/?p=4637"},"modified":"2026-02-23T14:55:00","modified_gmt":"2026-02-23T14:55:00","slug":"kush-e-tradhetoi-belinda-ballukun-spak-flet-per-zyrtarin-ne-ministri","status":"publish","type":"post","link":"https:\/\/factznews.com\/?p=4637","title":{"rendered":"Kush e \u201ctradh\u00ebtoi\u201d Belinda Ballukun, SPAK flet p\u00ebr zyrtarin n\u00eb ministri"},"content":{"rendered":"<p>N\u00eb nj\u00eb diskutim t\u00eb zhvilluar s\u00eb fundmi n\u00eb K\u00ebshillin e Imuniteteve, dy prokuror\u00eb t\u00eb SPAK kan\u00eb ngritur shqet\u00ebsime serioze lidhur me tentativa p\u00ebr intimidim dhe ndikim t\u00eb paligjsh\u00ebm ndaj d\u00ebshmitar\u00ebve n\u00eb \u00e7\u00ebshtje t\u00eb ndjeshme q\u00eb po hetohen nga Prokuroria e Posa\u00e7me.<\/p>\n<p>Sipas informacioneve t\u00eb b\u00ebra publike gjat\u00eb mbledhjes, prokuror\u00ebt kan\u00eb theksuar se presionet ndaj d\u00ebshmitar\u00ebve nuk kan\u00eb ardhur vet\u00ebm nga persona t\u00eb njohur t\u00eb bot\u00ebs s\u00eb krimit, t\u00eb cil\u00ebt dyshohet se jan\u00eb t\u00eb p\u00ebrfshir\u00eb n\u00eb veprimtari kriminale dhe aktualisht jan\u00eb objekt hetimi, por edhe nga funksionar\u00eb publik\u00eb.<\/p>\n<p>Kjo situat\u00eb, sipas SPAK, e b\u00ebn edhe m\u00eb t\u00eb nd\u00ebrlikuar procesin hetimor dhe rrit rrezikun p\u00ebr nd\u00ebrhyrje t\u00eb paligjshme n\u00eb administrimin e drejt\u00ebsis\u00eb.<\/p>\n<p>Nj\u00eb nga deklaratat m\u00eb t\u00eb forta t\u00eb prokuror\u00ebve lidhej me p\u00ebrfshirjen e zyrtar\u00ebve publik\u00eb, p\u00ebrfshir\u00eb persona t\u00eb lidhur me kabinetin e nj\u00eb ministrie, t\u00eb cil\u00ebt dyshohet se kan\u00eb k\u00ebrc\u00ebnuar apo tentuar t\u00eb korruptojn\u00eb d\u00ebshmitar\u00eb q\u00eb kan\u00eb dh\u00ebn\u00eb deklarime pran\u00eb Prokuroris\u00eb s\u00eb Posa\u00e7me.<\/p>\n<p>Sipas tyre, k\u00ebto veprime p\u00ebrb\u00ebjn\u00eb shkelje t\u00eb r\u00ebnda t\u00eb ligjit dhe c\u00ebnojn\u00eb drejtp\u00ebrdrejt pavar\u00ebsin\u00eb e hetimeve.<\/p>\n<p>Megjithat\u00eb, p\u00ebr shkak se \u00e7\u00ebshtjet jan\u00eb ende n\u00eb faz\u00eb hetimore, prokuror\u00ebt kan\u00eb refuzuar t\u00eb japin detaje shtes\u00eb, duke theksuar se informacionet mbrohen nga sekreti hetimor.<\/p>\n<p>Ata kan\u00eb n\u00ebnvizuar se \u00e7do tentativ\u00eb p\u00ebr intimidim apo ndikim mbi d\u00ebshmitar\u00ebt po dokumentohet dhe do t\u00eb trajtohet me seriozitet maksimal nga organet e drejt\u00ebsis\u00eb.<\/p>\n<p>Ky zhvillim rikthen n\u00eb v\u00ebmendje r\u00ebnd\u00ebsin\u00eb e mbrojtjes s\u00eb d\u00ebshmitar\u00ebve dhe nevoj\u00ebn p\u00ebr forcimin e mekanizmave ligjor\u00eb, n\u00eb m\u00ebnyr\u00eb q\u00eb hetimet ndaj korrupsionit dhe krimit t\u00eb organizuar t\u00eb zhvillohen pa presione dhe nd\u00ebrhyrje t\u00eb jashtme.<\/p>\n","protected":false},"excerpt":{"rendered":"<p>N\u00eb nj\u00eb diskutim t\u00eb zhvilluar s\u00eb fundmi n\u00eb K\u00ebshillin e Imuniteteve, dy prokuror\u00eb t\u00eb SPAK kan\u00eb ngritur shqet\u00ebsime serioze lidhur me tentativa p\u00ebr intimidim dhe ndikim t\u00eb paligjsh\u00ebm ndaj d\u00ebshmitar\u00ebve n\u00eb \u00e7\u00ebshtje t\u00eb ndjeshme q\u00eb po hetohen nga Prokuroria e Posa\u00e7me. Sipas informacioneve t\u00eb b\u00ebra publike gjat\u00eb mbledhjes, prokuror\u00ebt kan\u00eb theksuar se presionet ndaj d\u00ebshmitar\u00ebve&#8230;<\/p>\n<p class=\"more-link-wrap\"><a href=\"https:\/\/factznews.com\/?p=4637\" class=\"more-link\">Read More<span class=\"screen-reader-text\"> &ldquo;Kush e \u201ctradh\u00ebtoi\u201d Belinda Ballukun, SPAK flet p\u00ebr zyrtarin n\u00eb ministri&rdquo;<\/span> &raquo;<\/a><\/p>\n","protected":false},"author":1,"featured_media":4638,"comment_status":"open","ping_status":"open","sticky":false,"template":"","format":"standard","meta":{"footnotes":""},"categories":[5],"tags":[],"class_list":["post-4637","post","type-post","status-publish","format-standard","has-post-thumbnail","hentry","category-news"],"_links":{"self":[{"href":"https:\/\/factznews.com\/index.php?rest_route=\/wp\/v2\/posts\/4637","targetHints":{"allow":["GET"]}}],"collection":[{"href":"https:\/\/factznews.com\/index.php?rest_route=\/wp\/v2\/posts"}],"about":[{"href":"https:\/\/factznews.com\/index.php?rest_route=\/wp\/v2\/types\/post"}],"author":[{"embeddable":true,"href":"https:\/\/factznews.com\/index.php?rest_route=\/wp\/v2\/users\/1"}],"replies":[{"embeddable":true,"href":"https:\/\/factznews.com\/index.php?rest_route=%2Fwp%2Fv2%2Fcomments&post=4637"}],"version-history":[{"count":1,"href":"https:\/\/factznews.com\/index.php?rest_route=\/wp\/v2\/posts\/4637\/revisions"}],"predecessor-version":[{"id":4639,"href":"https:\/\/factznews.com\/index.php?rest_route=\/wp\/v2\/posts\/4637\/revisions\/4639"}],"wp:featuredmedia":[{"embeddable":true,"href":"https:\/\/factznews.com\/index.php?rest_route=\/wp\/v2\/media\/4638"}],"wp:attachment":[{"href":"https:\/\/factznews.com\/index.php?rest_route=%2Fwp%2Fv2%2Fmedia&parent=4637"}],"wp:term":[{"taxonomy":"category","embeddable":true,"href":"https:\/\/factznews.com\/index.php?rest_route=%2Fwp%2Fv2%2Fcategories&post=4637"},{"taxonomy":"post_tag","embeddable":true,"href":"https:\/\/factznews.com\/index.php?rest_route=%2Fwp%2Fv2%2Ftags&post=4637"}],"curies":[{"name":"wp","href":"https:\/\/api.w.org\/{rel}","templated":true}]}}