{"id":4643,"date":"2026-02-23T14:57:26","date_gmt":"2026-02-23T14:57:26","guid":{"rendered":"https:\/\/factznews.com\/?p=4643"},"modified":"2026-02-23T14:57:26","modified_gmt":"2026-02-23T14:57:26","slug":"spak-akuzat-e-reja-per-ballukun-ja-sa-vite-rrezikon","status":"publish","type":"post","link":"https:\/\/factznews.com\/?p=4643","title":{"rendered":"SPAK: Akuzat e reja p\u00ebr Ballukun, ja sa vite rrezikon"},"content":{"rendered":"<p>Belinda Balluku p\u00ebrballet me akuza t\u00eb r\u00ebnda \u2013 Prokuroria e Posa\u00e7me: Rrezikon deri n\u00eb 35 vite burg<\/p>\n<p>Zhvillime t\u00eb reja kan\u00eb dal\u00eb nga mbledhja me dyer t\u00eb mbyllura e K\u00ebshillit t\u00eb Mandateve, e zhvilluar sot n\u00eb Kryesin\u00eb e Kuvendit, ku u diskutua k\u00ebrkesa e Prokuroris\u00eb s\u00eb Posa\u00e7me kund\u00ebr Korrupsionit dhe Krimit t\u00eb Organizuar.<\/p>\n<p>Sipas detajeve t\u00eb b\u00ebra publike nga mbledhja, p\u00ebrfaq\u00ebsues t\u00eb Prokuroris\u00eb deklaruan se n\u00eb faz\u00ebn fillestare t\u00eb masave t\u00eb k\u00ebrkuara, znj. Belinda Balluku p\u00ebrballej me nj\u00eb rrezik d\u00ebnimi deri n\u00eb 10 vite burg.<\/p>\n<p>Megjithat\u00eb, sipas prokuror\u00ebve, situata e saj ligjore \u00ebsht\u00eb r\u00ebnduar ndjesh\u00ebm. \u201cSot q\u00eb flasim, me akuzat e ngritura nga prokuroria n\u00eb k\u00ebt\u00eb moment, znj. Balluku rrezikon deri n\u00eb 35 vite burg\u201d, m\u00ebsohet t\u00eb ken\u00eb deklaruar ata gjat\u00eb mbledhjes.<\/p>\n<p>Mbledhja u zhvillua me dyer t\u00eb mbyllura, nd\u00ebrsa pritet q\u00eb n\u00eb vijim t\u00eb ket\u00eb zhvillime t\u00eb tjera lidhur me procedurat parlamentare dhe hetimore p\u00ebr \u00e7\u00ebshtjen n\u00eb fjal\u00eb.<\/p>\n","protected":false},"excerpt":{"rendered":"<p>Belinda Balluku p\u00ebrballet me akuza t\u00eb r\u00ebnda \u2013 Prokuroria e Posa\u00e7me: Rrezikon deri n\u00eb 35 vite burg Zhvillime t\u00eb reja kan\u00eb dal\u00eb nga mbledhja me dyer t\u00eb mbyllura e K\u00ebshillit t\u00eb Mandateve, e zhvilluar sot n\u00eb Kryesin\u00eb e Kuvendit, ku u diskutua k\u00ebrkesa e Prokuroris\u00eb s\u00eb Posa\u00e7me kund\u00ebr Korrupsionit dhe Krimit t\u00eb Organizuar. Sipas detajeve&#8230;<\/p>\n<p class=\"more-link-wrap\"><a href=\"https:\/\/factznews.com\/?p=4643\" class=\"more-link\">Read More<span class=\"screen-reader-text\"> &ldquo;SPAK: Akuzat e reja p\u00ebr Ballukun, ja sa vite rrezikon&rdquo;<\/span> &raquo;<\/a><\/p>\n","protected":false},"author":1,"featured_media":4644,"comment_status":"open","ping_status":"open","sticky":false,"template":"","format":"standard","meta":{"footnotes":""},"categories":[5],"tags":[],"class_list":["post-4643","post","type-post","status-publish","format-standard","has-post-thumbnail","hentry","category-news"],"_links":{"self":[{"href":"https:\/\/factznews.com\/index.php?rest_route=\/wp\/v2\/posts\/4643","targetHints":{"allow":["GET"]}}],"collection":[{"href":"https:\/\/factznews.com\/index.php?rest_route=\/wp\/v2\/posts"}],"about":[{"href":"https:\/\/factznews.com\/index.php?rest_route=\/wp\/v2\/types\/post"}],"author":[{"embeddable":true,"href":"https:\/\/factznews.com\/index.php?rest_route=\/wp\/v2\/users\/1"}],"replies":[{"embeddable":true,"href":"https:\/\/factznews.com\/index.php?rest_route=%2Fwp%2Fv2%2Fcomments&post=4643"}],"version-history":[{"count":1,"href":"https:\/\/factznews.com\/index.php?rest_route=\/wp\/v2\/posts\/4643\/revisions"}],"predecessor-version":[{"id":4645,"href":"https:\/\/factznews.com\/index.php?rest_route=\/wp\/v2\/posts\/4643\/revisions\/4645"}],"wp:featuredmedia":[{"embeddable":true,"href":"https:\/\/factznews.com\/index.php?rest_route=\/wp\/v2\/media\/4644"}],"wp:attachment":[{"href":"https:\/\/factznews.com\/index.php?rest_route=%2Fwp%2Fv2%2Fmedia&parent=4643"}],"wp:term":[{"taxonomy":"category","embeddable":true,"href":"https:\/\/factznews.com\/index.php?rest_route=%2Fwp%2Fv2%2Fcategories&post=4643"},{"taxonomy":"post_tag","embeddable":true,"href":"https:\/\/factznews.com\/index.php?rest_route=%2Fwp%2Fv2%2Ftags&post=4643"}],"curies":[{"name":"wp","href":"https:\/\/api.w.org\/{rel}","templated":true}]}}