{"id":4647,"date":"2026-02-23T15:03:43","date_gmt":"2026-02-23T15:03:43","guid":{"rendered":"https:\/\/factznews.com\/?p=4647"},"modified":"2026-02-23T15:03:43","modified_gmt":"2026-02-23T15:03:43","slug":"momenti-i-prangosjes-se-zv-kryeministrit-shqiptar","status":"publish","type":"post","link":"https:\/\/factznews.com\/?p=4647","title":{"rendered":"Momenti i prangosjes s\u00eb zv.kryeministrit shqiptar"},"content":{"rendered":"<p>Ish-z\u00ebvend\u00ebskryeministri i par\u00eb i Republika e Maqedonis\u00eb s\u00eb Veriut, Artan Grubi sot n\u00eb m\u00ebngjes vullnetarisht u paraqit pran\u00eb pik\u00ebs kufitare Bllac\u00eb me Kosov\u00ebn dhe se ndaj tij menj\u00ebher\u00eb u nd\u00ebrmorren masat ligjoreu, pasi ndaj tij ishte aktive masa \u201cArresto\u201d, njoftoi Ministria e Pun\u00ebve t\u00eb Brendshme.<\/p>\n<p>Sipas policis\u00eb, Grubi u paraqit n\u00eb hyrje t\u00eb vendit rreth or\u00ebs 06:10 dhe u privua menj\u00ebher\u00eb nga liria.<\/p>\n<p>Ai \u00ebsht\u00eb d\u00ebrguar n\u00eb mbajtje p\u00ebr procedura t\u00eb m\u00ebtejshme, nd\u00ebrsa autoritetet nuk dhan\u00eb detaje shtes\u00eb mbi faz\u00ebn aktuale t\u00eb procedimit penal.<\/p>\n<p>Momenti i arrestimit:<\/p>\n<p>Ai \u00ebsht\u00eb i p\u00ebrfshir\u00eb n\u00eb nj\u00eb hetim q\u00eb lidhet me dyshime p\u00ebr keqp\u00ebrdorim t\u00eb pozit\u00ebs zyrtare, korrupsion dhe shkelje t\u00eb procedurave t\u00eb prokurimit publik, n\u00eb kuad\u00ebr t\u00eb rastit q\u00eb ka t\u00eb b\u00ebj\u00eb me funksionimin dhe kontratat e Lotaria Shtet\u00ebrore e Maqedonis\u00eb s\u00eb Veriut.<\/p>\n<p>Sipas organeve t\u00eb ndjekjes, hetimet kan\u00eb t\u00eb b\u00ebjn\u00eb me vendime dhe kontrata q\u00eb dyshohet se kan\u00eb shkaktuar d\u00ebme financiare t\u00eb konsiderueshme n\u00eb buxhetin e institucionit, q\u00eb p\u00ebrllogariten n\u00eb 500 milion\u00eb denar\u00eb apo mbi 8 milion\u00eb euro.<\/p>\n<p>Prokuroria pretendon se p\u00ebrmes procedurave t\u00eb kontestuara jan\u00eb favorizuar subjekte t\u00eb caktuara ekonomike.<\/p>\n","protected":false},"excerpt":{"rendered":"<p>Ish-z\u00ebvend\u00ebskryeministri i par\u00eb i Republika e Maqedonis\u00eb s\u00eb Veriut, Artan Grubi sot n\u00eb m\u00ebngjes vullnetarisht u paraqit pran\u00eb pik\u00ebs kufitare Bllac\u00eb me Kosov\u00ebn dhe se ndaj tij menj\u00ebher\u00eb u nd\u00ebrmorren masat ligjoreu, pasi ndaj tij ishte aktive masa \u201cArresto\u201d, njoftoi Ministria e Pun\u00ebve t\u00eb Brendshme. Sipas policis\u00eb, Grubi u paraqit n\u00eb hyrje t\u00eb vendit rreth&#8230;<\/p>\n<p class=\"more-link-wrap\"><a href=\"https:\/\/factznews.com\/?p=4647\" class=\"more-link\">Read More<span class=\"screen-reader-text\"> &ldquo;Momenti i prangosjes s\u00eb zv.kryeministrit shqiptar&rdquo;<\/span> &raquo;<\/a><\/p>\n","protected":false},"author":1,"featured_media":4602,"comment_status":"open","ping_status":"open","sticky":false,"template":"","format":"standard","meta":{"footnotes":""},"categories":[5],"tags":[],"class_list":["post-4647","post","type-post","status-publish","format-standard","has-post-thumbnail","hentry","category-news"],"_links":{"self":[{"href":"https:\/\/factznews.com\/index.php?rest_route=\/wp\/v2\/posts\/4647","targetHints":{"allow":["GET"]}}],"collection":[{"href":"https:\/\/factznews.com\/index.php?rest_route=\/wp\/v2\/posts"}],"about":[{"href":"https:\/\/factznews.com\/index.php?rest_route=\/wp\/v2\/types\/post"}],"author":[{"embeddable":true,"href":"https:\/\/factznews.com\/index.php?rest_route=\/wp\/v2\/users\/1"}],"replies":[{"embeddable":true,"href":"https:\/\/factznews.com\/index.php?rest_route=%2Fwp%2Fv2%2Fcomments&post=4647"}],"version-history":[{"count":1,"href":"https:\/\/factznews.com\/index.php?rest_route=\/wp\/v2\/posts\/4647\/revisions"}],"predecessor-version":[{"id":4648,"href":"https:\/\/factznews.com\/index.php?rest_route=\/wp\/v2\/posts\/4647\/revisions\/4648"}],"wp:featuredmedia":[{"embeddable":true,"href":"https:\/\/factznews.com\/index.php?rest_route=\/wp\/v2\/media\/4602"}],"wp:attachment":[{"href":"https:\/\/factznews.com\/index.php?rest_route=%2Fwp%2Fv2%2Fmedia&parent=4647"}],"wp:term":[{"taxonomy":"category","embeddable":true,"href":"https:\/\/factznews.com\/index.php?rest_route=%2Fwp%2Fv2%2Fcategories&post=4647"},{"taxonomy":"post_tag","embeddable":true,"href":"https:\/\/factznews.com\/index.php?rest_route=%2Fwp%2Fv2%2Ftags&post=4647"}],"curies":[{"name":"wp","href":"https:\/\/api.w.org\/{rel}","templated":true}]}}