{"id":4675,"date":"2026-02-23T23:56:12","date_gmt":"2026-02-23T23:56:12","guid":{"rendered":"https:\/\/factznews.com\/?p=4675"},"modified":"2026-02-23T23:56:12","modified_gmt":"2026-02-23T23:56:12","slug":"mos-u-gezoni-nga-oret-me-diell-ja-cfare-pritet-te-ndodh-me-motin-neser","status":"publish","type":"post","link":"https:\/\/factznews.com\/?p=4675","title":{"rendered":"Mos u g\u00ebzoni nga or\u00ebt me diell, ja \u00e7far\u00eb pritet t\u00eb ndodh me motin nes\u00ebr"},"content":{"rendered":"<p>Moti p\u00ebr dit\u00ebn e nes\u00ebrme parashikohet me alternime kthjellimesh dhe vran\u00ebsira t\u00eb cilat hera-her\u00ebs priten t\u00eb jen\u00eb deri t\u00eb dendura.<\/p>\n<p>Reshjet e shiut me intensitet t\u00eb ul\u00ebt t\u00eb karakterit lokal parashikohen t\u00eb b\u00ebhen prezente n\u00eb or\u00ebt e mesdit\u00ebs dhe pasdite kryesisht n\u00eb qend\u00ebr dhe verilindje t\u00eb vendit.<\/p>\n<p>Era do t\u00eb fryj\u00eb me drejtim jugper\u00ebndim \u2013 veriper\u00ebndim me shpejt\u00ebsi mesatare 4m\/s, e cila hera-her\u00ebs p\u00ebrgjat\u00eb vij\u00ebs bregdetare pritet t\u00eb fitoi shpejt\u00ebsi deri n\u00eb 7m\/sek.<\/p>\n<p>Temperatura maksimale do t\u00eb kap vler\u00ebn 20 grad\u00eb Celcius, nd\u00ebrsa ajo minimale -1 grad\u00eb Celcius.<\/p>\n<p>Deti \u2013 Val\u00ebzimi forc\u00ebs 1-2 ball\u00eb.<\/p>\n","protected":false},"excerpt":{"rendered":"<p>Moti p\u00ebr dit\u00ebn e nes\u00ebrme parashikohet me alternime kthjellimesh dhe vran\u00ebsira t\u00eb cilat hera-her\u00ebs priten t\u00eb jen\u00eb deri t\u00eb dendura. Reshjet e shiut me intensitet t\u00eb ul\u00ebt t\u00eb karakterit lokal parashikohen t\u00eb b\u00ebhen prezente n\u00eb or\u00ebt e mesdit\u00ebs dhe pasdite kryesisht n\u00eb qend\u00ebr dhe verilindje t\u00eb vendit. Era do t\u00eb fryj\u00eb me drejtim jugper\u00ebndim \u2013&#8230;<\/p>\n<p class=\"more-link-wrap\"><a href=\"https:\/\/factznews.com\/?p=4675\" class=\"more-link\">Read More<span class=\"screen-reader-text\"> &ldquo;Mos u g\u00ebzoni nga or\u00ebt me diell, ja \u00e7far\u00eb pritet t\u00eb ndodh me motin nes\u00ebr&rdquo;<\/span> &raquo;<\/a><\/p>\n","protected":false},"author":1,"featured_media":4676,"comment_status":"open","ping_status":"open","sticky":false,"template":"","format":"standard","meta":{"footnotes":""},"categories":[5],"tags":[],"class_list":["post-4675","post","type-post","status-publish","format-standard","has-post-thumbnail","hentry","category-news"],"_links":{"self":[{"href":"https:\/\/factznews.com\/index.php?rest_route=\/wp\/v2\/posts\/4675","targetHints":{"allow":["GET"]}}],"collection":[{"href":"https:\/\/factznews.com\/index.php?rest_route=\/wp\/v2\/posts"}],"about":[{"href":"https:\/\/factznews.com\/index.php?rest_route=\/wp\/v2\/types\/post"}],"author":[{"embeddable":true,"href":"https:\/\/factznews.com\/index.php?rest_route=\/wp\/v2\/users\/1"}],"replies":[{"embeddable":true,"href":"https:\/\/factznews.com\/index.php?rest_route=%2Fwp%2Fv2%2Fcomments&post=4675"}],"version-history":[{"count":1,"href":"https:\/\/factznews.com\/index.php?rest_route=\/wp\/v2\/posts\/4675\/revisions"}],"predecessor-version":[{"id":4677,"href":"https:\/\/factznews.com\/index.php?rest_route=\/wp\/v2\/posts\/4675\/revisions\/4677"}],"wp:featuredmedia":[{"embeddable":true,"href":"https:\/\/factznews.com\/index.php?rest_route=\/wp\/v2\/media\/4676"}],"wp:attachment":[{"href":"https:\/\/factznews.com\/index.php?rest_route=%2Fwp%2Fv2%2Fmedia&parent=4675"}],"wp:term":[{"taxonomy":"category","embeddable":true,"href":"https:\/\/factznews.com\/index.php?rest_route=%2Fwp%2Fv2%2Fcategories&post=4675"},{"taxonomy":"post_tag","embeddable":true,"href":"https:\/\/factznews.com\/index.php?rest_route=%2Fwp%2Fv2%2Ftags&post=4675"}],"curies":[{"name":"wp","href":"https:\/\/api.w.org\/{rel}","templated":true}]}}