{"id":4681,"date":"2026-02-24T00:03:01","date_gmt":"2026-02-24T00:03:01","guid":{"rendered":"https:\/\/factznews.com\/?p=4681"},"modified":"2026-02-24T00:03:01","modified_gmt":"2026-02-24T00:03:01","slug":"ndryshime-ne-garden-e-republikes-levizin-disa-drejtues","status":"publish","type":"post","link":"https:\/\/factznews.com\/?p=4681","title":{"rendered":"Ndryshime n\u00eb Gard\u00ebn e Republik\u00ebs, l\u00ebvizin disa drejtues"},"content":{"rendered":"<p>Ndryshime n\u00eb Gard\u00ebn e Republik\u00ebs.<\/p>\n<p>Si\u00e7 raportohet, \u00ebsht\u00eb l\u00ebvizur nga detyra drejtori i Planifikimit dhe Kontrollit (DPK), Kryekomisar Arjan Sopiqoti.<\/p>\n<p>N\u00eb vend t\u00eb tij \u00ebsht\u00eb em\u00ebruar drejtues i par\u00eb Agim Hila. Po ashtu \u00ebsht\u00eb larguar Drejtori p\u00ebr Sigurin\u00eb e Personaliteteve t\u00eb Larta Shtet\u00ebrore (DSPLSH), nd\u00ebrsa vendi mbetet vakant.<\/p>\n<p>Nd\u00ebrkoh\u00eb, pas d\u00ebshtimit t\u00eb konkurrimit p\u00ebr Drejtor t\u00eb P\u00ebrgjithsh\u00ebm t\u00eb Gard\u00ebs, Garda po planifikon ndryshimin e ligjit p\u00ebr ndryshimin e kritereve t\u00eb em\u00ebrimit t\u00eb Drejtorit dhe rikthimin e mosh\u00ebs s\u00eb daljes n\u00eb rezerv\u00eb p\u00ebr gradat e larta: kryekomisari 57 vje\u00e7, Drejtuesi 59 vje\u00e7 dhe Drejtuesi i Par\u00eb 61 vje\u00e7.<\/p>\n<p>K\u00ebto sugjerime po b\u00ebhen nga grupet e pun\u00ebs.\/Top Channel<\/p>\n","protected":false},"excerpt":{"rendered":"<p>Ndryshime n\u00eb Gard\u00ebn e Republik\u00ebs. Si\u00e7 raportohet, \u00ebsht\u00eb l\u00ebvizur nga detyra drejtori i Planifikimit dhe Kontrollit (DPK), Kryekomisar Arjan Sopiqoti. N\u00eb vend t\u00eb tij \u00ebsht\u00eb em\u00ebruar drejtues i par\u00eb Agim Hila. Po ashtu \u00ebsht\u00eb larguar Drejtori p\u00ebr Sigurin\u00eb e Personaliteteve t\u00eb Larta Shtet\u00ebrore (DSPLSH), nd\u00ebrsa vendi mbetet vakant. Nd\u00ebrkoh\u00eb, pas d\u00ebshtimit t\u00eb konkurrimit p\u00ebr Drejtor&#8230;<\/p>\n<p class=\"more-link-wrap\"><a href=\"https:\/\/factznews.com\/?p=4681\" class=\"more-link\">Read More<span class=\"screen-reader-text\"> &ldquo;Ndryshime n\u00eb Gard\u00ebn e Republik\u00ebs, l\u00ebvizin disa drejtues&rdquo;<\/span> &raquo;<\/a><\/p>\n","protected":false},"author":1,"featured_media":4602,"comment_status":"open","ping_status":"open","sticky":false,"template":"","format":"standard","meta":{"footnotes":""},"categories":[5],"tags":[],"class_list":["post-4681","post","type-post","status-publish","format-standard","has-post-thumbnail","hentry","category-news"],"_links":{"self":[{"href":"https:\/\/factznews.com\/index.php?rest_route=\/wp\/v2\/posts\/4681","targetHints":{"allow":["GET"]}}],"collection":[{"href":"https:\/\/factznews.com\/index.php?rest_route=\/wp\/v2\/posts"}],"about":[{"href":"https:\/\/factznews.com\/index.php?rest_route=\/wp\/v2\/types\/post"}],"author":[{"embeddable":true,"href":"https:\/\/factznews.com\/index.php?rest_route=\/wp\/v2\/users\/1"}],"replies":[{"embeddable":true,"href":"https:\/\/factznews.com\/index.php?rest_route=%2Fwp%2Fv2%2Fcomments&post=4681"}],"version-history":[{"count":1,"href":"https:\/\/factznews.com\/index.php?rest_route=\/wp\/v2\/posts\/4681\/revisions"}],"predecessor-version":[{"id":4682,"href":"https:\/\/factznews.com\/index.php?rest_route=\/wp\/v2\/posts\/4681\/revisions\/4682"}],"wp:featuredmedia":[{"embeddable":true,"href":"https:\/\/factznews.com\/index.php?rest_route=\/wp\/v2\/media\/4602"}],"wp:attachment":[{"href":"https:\/\/factznews.com\/index.php?rest_route=%2Fwp%2Fv2%2Fmedia&parent=4681"}],"wp:term":[{"taxonomy":"category","embeddable":true,"href":"https:\/\/factznews.com\/index.php?rest_route=%2Fwp%2Fv2%2Fcategories&post=4681"},{"taxonomy":"post_tag","embeddable":true,"href":"https:\/\/factznews.com\/index.php?rest_route=%2Fwp%2Fv2%2Ftags&post=4681"}],"curies":[{"name":"wp","href":"https:\/\/api.w.org\/{rel}","templated":true}]}}