{"id":4693,"date":"2026-02-24T00:24:05","date_gmt":"2026-02-24T00:24:05","guid":{"rendered":"https:\/\/factznews.com\/?p=4693"},"modified":"2026-02-24T00:24:05","modified_gmt":"2026-02-24T00:24:05","slug":"protesta-e-28-shkurtit-berisha-do-jete-me-e-fuqishmja","status":"publish","type":"post","link":"https:\/\/factznews.com\/?p=4693","title":{"rendered":"Protesta e 28 shkurtit, Berisha: Do jet\u00eb m\u00eb e fuqishmja"},"content":{"rendered":"<p>Partia Demokratike ka njoftuar nj\u00eb tjet\u00ebr protest\u00eb komb\u00ebtare n\u00eb 28 shkurt, q\u00eb si\u00e7 thot\u00eb Sali Berisha do t\u00eb jet\u00eb ndryshe nga tubimet e m\u00ebparshme.<\/p>\n<p>Sipas Sali Berish\u00ebs, kjo do t\u00eb jet\u00eb nj\u00eb nga kryengritjet paq\u00ebsor\u00eb m\u00eb t\u00eb fuqishme q\u00eb ka njohur vendi, duke deklaruar se \u201cNuk do jet\u00eb e llojit t\u00eb atyre q\u00eb keni par\u00eb\u201d.<\/p>\n<p>Berisha deklaroi se kryengritja do t\u00eb kaloj\u00eb n\u00eb faz\u00ebn e diversifikimit t\u00eb aksioneve.<\/p>\n<p>\u201cNd\u00ebrkoh\u00eb e dini, e shtuna \u00ebsht\u00eb dita e kryengritjes paq\u00ebsore. Qytetar\u00ebt mezi e presin p\u00ebr t\u00eb shprehur zem\u00ebrimin, revolt\u00ebn e tyre, urrejtjen e tyre ndaj hajdut\u00ebve.<\/p>\n<p>Dhe, do t\u00eb jet\u00eb nj\u00eb revolt\u00eb, nj\u00eb kryengritje do t\u00eb thosha m\u00eb e fuqishmja q\u00eb ka njohur vendi.<\/p>\n<p>Nuk do jet\u00eb e llojit t\u00eb atyre q\u00eb keni par\u00eb. Tani, kryengritja kalon n\u00eb faz\u00ebn e diversifikimit t\u00eb aksioneve dhe veprimtarive t\u00eb saj.<\/p>\n<p>P\u00ebr t\u00eb gjitha do informoheni n\u00eb p\u00ebrputhje me vendimet q\u00eb do merren. Por e shtuna \u00ebsht\u00eb dita e triumfit t\u00eb opozit\u00ebs, e triumfit t\u00eb shqiptar\u00ebve mbi hajdut\u00ebt\u201d, tha Berisha.<\/p>\n","protected":false},"excerpt":{"rendered":"<p>Partia Demokratike ka njoftuar nj\u00eb tjet\u00ebr protest\u00eb komb\u00ebtare n\u00eb 28 shkurt, q\u00eb si\u00e7 thot\u00eb Sali Berisha do t\u00eb jet\u00eb ndryshe nga tubimet e m\u00ebparshme. Sipas Sali Berish\u00ebs, kjo do t\u00eb jet\u00eb nj\u00eb nga kryengritjet paq\u00ebsor\u00eb m\u00eb t\u00eb fuqishme q\u00eb ka njohur vendi, duke deklaruar se \u201cNuk do jet\u00eb e llojit t\u00eb atyre q\u00eb keni par\u00eb\u201d&#8230;.<\/p>\n<p class=\"more-link-wrap\"><a href=\"https:\/\/factznews.com\/?p=4693\" class=\"more-link\">Read More<span class=\"screen-reader-text\"> &ldquo;Protesta e 28 shkurtit, Berisha: Do jet\u00eb m\u00eb e fuqishmja&rdquo;<\/span> &raquo;<\/a><\/p>\n","protected":false},"author":1,"featured_media":4694,"comment_status":"open","ping_status":"open","sticky":false,"template":"","format":"standard","meta":{"footnotes":""},"categories":[5],"tags":[],"class_list":["post-4693","post","type-post","status-publish","format-standard","has-post-thumbnail","hentry","category-news"],"_links":{"self":[{"href":"https:\/\/factznews.com\/index.php?rest_route=\/wp\/v2\/posts\/4693","targetHints":{"allow":["GET"]}}],"collection":[{"href":"https:\/\/factznews.com\/index.php?rest_route=\/wp\/v2\/posts"}],"about":[{"href":"https:\/\/factznews.com\/index.php?rest_route=\/wp\/v2\/types\/post"}],"author":[{"embeddable":true,"href":"https:\/\/factznews.com\/index.php?rest_route=\/wp\/v2\/users\/1"}],"replies":[{"embeddable":true,"href":"https:\/\/factznews.com\/index.php?rest_route=%2Fwp%2Fv2%2Fcomments&post=4693"}],"version-history":[{"count":1,"href":"https:\/\/factznews.com\/index.php?rest_route=\/wp\/v2\/posts\/4693\/revisions"}],"predecessor-version":[{"id":4695,"href":"https:\/\/factznews.com\/index.php?rest_route=\/wp\/v2\/posts\/4693\/revisions\/4695"}],"wp:featuredmedia":[{"embeddable":true,"href":"https:\/\/factznews.com\/index.php?rest_route=\/wp\/v2\/media\/4694"}],"wp:attachment":[{"href":"https:\/\/factznews.com\/index.php?rest_route=%2Fwp%2Fv2%2Fmedia&parent=4693"}],"wp:term":[{"taxonomy":"category","embeddable":true,"href":"https:\/\/factznews.com\/index.php?rest_route=%2Fwp%2Fv2%2Fcategories&post=4693"},{"taxonomy":"post_tag","embeddable":true,"href":"https:\/\/factznews.com\/index.php?rest_route=%2Fwp%2Fv2%2Ftags&post=4693"}],"curies":[{"name":"wp","href":"https:\/\/api.w.org\/{rel}","templated":true}]}}