{"id":4720,"date":"2026-02-24T15:17:25","date_gmt":"2026-02-24T15:17:25","guid":{"rendered":"https:\/\/factznews.com\/?p=4720"},"modified":"2026-02-24T15:17:25","modified_gmt":"2026-02-24T15:17:25","slug":"e-rende-humb-jeten-ne-nje-aksident","status":"publish","type":"post","link":"https:\/\/factznews.com\/?p=4720","title":{"rendered":"E rende, humb jet\u00ebn n\u00eb nj\u00eb aksident\u2026"},"content":{"rendered":"<p>Nj\u00eb ngjarje tragjike ka tronditur komunitetin shqiptar t\u00eb sportit, pasi nj\u00eb i af\u00ebrm i futbollistit Valon Berisha ka humbur jet\u00ebn n\u00eb nj\u00eb aksident t\u00eb r\u00ebnd\u00eb rrugor n\u00eb Austri.<\/p>\n<p>Sipas raportimeve, aksidenti ka ndodhur n\u00eb autostrad\u00ebn Westautobahn, ku mjeti me t\u00eb cilin udh\u00ebtonte viktima ka dal\u00eb nga rruga dhe \u00ebsht\u00eb p\u00ebrplasur me nj\u00eb barrier\u00eb an\u00ebsore.<\/p>\n<p>Mediat raportojn\u00eb se futbollisti shqiptar ndodhej n\u00eb nj\u00eb automjet p\u00ebrpara dhe ka qen\u00eb d\u00ebshmitar i ngjarjes tragjike, duke ndaluar menj\u00ebher\u00eb p\u00ebr t\u00eb dh\u00ebn\u00eb ndihm\u00ebn e par\u00eb s\u00eb bashku me kalimtar\u00eb t\u00eb tjer\u00eb. Pavar\u00ebsisht nd\u00ebrhyrjes s\u00eb shpejt\u00eb t\u00eb ekipeve t\u00eb emergjenc\u00ebs, 38-vje\u00e7ari nuk ka mundur t\u00eb mbijetoj\u00eb.<\/p>\n<p>Klubi i tij, FC Zurich, ka reaguar zyrtarisht duke shprehur ngush\u00ebllimet dhe mb\u00ebshtetjen p\u00ebr futbollistin n\u00eb k\u00ebt\u00eb moment t\u00eb v\u00ebshtir\u00eb, nd\u00ebrsa ka sqaruar se Berisha nuk ishte i p\u00ebrfshir\u00eb drejtp\u00ebrdrejt n\u00eb aksident, por ishte d\u00ebshmitar i tij.<\/p>\n<p>Ngjarja ka shkaktuar reagime t\u00eb shumta n\u00eb rrjetet sociale dhe tek tifoz\u00ebt, nd\u00ebrsa autoritetet austriake vijojn\u00eb hetimet p\u00ebr t\u00eb zbardhur plot\u00ebsisht rrethanat e aksidentit.<\/p>\n","protected":false},"excerpt":{"rendered":"<p>Nj\u00eb ngjarje tragjike ka tronditur komunitetin shqiptar t\u00eb sportit, pasi nj\u00eb i af\u00ebrm i futbollistit Valon Berisha ka humbur jet\u00ebn n\u00eb nj\u00eb aksident t\u00eb r\u00ebnd\u00eb rrugor n\u00eb Austri. Sipas raportimeve, aksidenti ka ndodhur n\u00eb autostrad\u00ebn Westautobahn, ku mjeti me t\u00eb cilin udh\u00ebtonte viktima ka dal\u00eb nga rruga dhe \u00ebsht\u00eb p\u00ebrplasur me nj\u00eb barrier\u00eb an\u00ebsore. Mediat&#8230;<\/p>\n<p class=\"more-link-wrap\"><a href=\"https:\/\/factznews.com\/?p=4720\" class=\"more-link\">Read More<span class=\"screen-reader-text\"> &ldquo;E rende, humb jet\u00ebn n\u00eb nj\u00eb aksident\u2026&rdquo;<\/span> &raquo;<\/a><\/p>\n","protected":false},"author":1,"featured_media":4721,"comment_status":"open","ping_status":"open","sticky":false,"template":"","format":"standard","meta":{"footnotes":""},"categories":[5],"tags":[],"class_list":["post-4720","post","type-post","status-publish","format-standard","has-post-thumbnail","hentry","category-news"],"_links":{"self":[{"href":"https:\/\/factznews.com\/index.php?rest_route=\/wp\/v2\/posts\/4720","targetHints":{"allow":["GET"]}}],"collection":[{"href":"https:\/\/factznews.com\/index.php?rest_route=\/wp\/v2\/posts"}],"about":[{"href":"https:\/\/factznews.com\/index.php?rest_route=\/wp\/v2\/types\/post"}],"author":[{"embeddable":true,"href":"https:\/\/factznews.com\/index.php?rest_route=\/wp\/v2\/users\/1"}],"replies":[{"embeddable":true,"href":"https:\/\/factznews.com\/index.php?rest_route=%2Fwp%2Fv2%2Fcomments&post=4720"}],"version-history":[{"count":1,"href":"https:\/\/factznews.com\/index.php?rest_route=\/wp\/v2\/posts\/4720\/revisions"}],"predecessor-version":[{"id":4722,"href":"https:\/\/factznews.com\/index.php?rest_route=\/wp\/v2\/posts\/4720\/revisions\/4722"}],"wp:featuredmedia":[{"embeddable":true,"href":"https:\/\/factznews.com\/index.php?rest_route=\/wp\/v2\/media\/4721"}],"wp:attachment":[{"href":"https:\/\/factznews.com\/index.php?rest_route=%2Fwp%2Fv2%2Fmedia&parent=4720"}],"wp:term":[{"taxonomy":"category","embeddable":true,"href":"https:\/\/factznews.com\/index.php?rest_route=%2Fwp%2Fv2%2Fcategories&post=4720"},{"taxonomy":"post_tag","embeddable":true,"href":"https:\/\/factznews.com\/index.php?rest_route=%2Fwp%2Fv2%2Ftags&post=4720"}],"curies":[{"name":"wp","href":"https:\/\/api.w.org\/{rel}","templated":true}]}}