{"id":4723,"date":"2026-02-24T15:21:01","date_gmt":"2026-02-24T15:21:01","guid":{"rendered":"https:\/\/factznews.com\/?p=4723"},"modified":"2026-02-24T15:21:01","modified_gmt":"2026-02-24T15:21:01","slug":"taulant-balla-nga-parlamenti-europian-jep-lajmin-e-mire-per-shqiptaret","status":"publish","type":"post","link":"https:\/\/factznews.com\/?p=4723","title":{"rendered":"Taulant Balla nga Parlamenti Europian jep LAJMIN E MIR\u00cb p\u00ebr Shqiptar\u00ebt\u2026"},"content":{"rendered":"<p>Kryetari i Grupit Parlamentar t\u00eb Partis\u00eb Socialiste, Taulant Balla, p\u00ebrcolli nj\u00eb mesazh nga salla e seancave t\u00eb Parlamentit Europian n\u00eb Bruksel, duke theksuar mb\u00ebshtetjen p\u00ebr procesin e integrimit t\u00eb Shqip\u00ebris\u00eb n\u00eb Bashkimin Europian. Ai n\u00ebnvizoi se dokumenti i fundit i prezantuar n\u00eb k\u00ebt\u00eb institucion vler\u00ebson ecurin\u00eb e Shqip\u00ebris\u00eb n\u00eb procesin e negociatave.<\/p>\n<p>\u201cJu p\u00ebrsh\u00ebndes nga salla kryesore e seancave t\u00eb Parlamentit Europian n\u00eb Bruksel, nj\u00eb institucion q\u00eb mb\u00ebshtet fuqimisht an\u00ebtar\u00ebsimin e Shqip\u00ebris\u00eb n\u00eb Bashkimin Europian\u201d, deklaroi Balla n\u00eb nj\u00eb video-mesazh.<\/p>\n<p>\u201cDraft-rezoluta e prezantuar jav\u00ebn e kaluar vler\u00ebson progresin e Shqip\u00ebris\u00eb, rekordin historik t\u00eb hapjes s\u00eb t\u00eb gjith\u00eb grup-kapitujve brenda 13 muajsh dhe ambicjen ton\u00eb p\u00ebr t\u00eb p\u00ebrmbyllur negociatat brenda vitit 2027\u201d, shtoi ai.<\/p>\n<p>Balla ndodhet n\u00eb Bruksel p\u00ebr t\u00eb marr\u00eb pjes\u00eb n\u00eb Seanc\u00ebn Plenare t\u00eb Parlamentit Europian, ku do t\u00eb mbaj\u00eb nj\u00eb fjalim n\u00eb kuad\u00ebr t\u00eb debatit \u201cInvestimi n\u00eb t\u00eb Ardhmen e Europ\u00ebs: Q\u00ebndrueshm\u00ebria e Tregut t\u00eb Pun\u00ebs dhe Kohezioni Social\u201d. Gjat\u00eb fjalimit, ai do t\u00eb paraqes\u00eb progresin e Shqip\u00ebris\u00eb n\u00eb negociatat me BE-n\u00eb, reformat n\u00eb tregun e pun\u00ebs dhe angazhimin p\u00ebr p\u00ebrmbylljen e negociatave brenda vitit 2027.<\/p>\n","protected":false},"excerpt":{"rendered":"<p>Kryetari i Grupit Parlamentar t\u00eb Partis\u00eb Socialiste, Taulant Balla, p\u00ebrcolli nj\u00eb mesazh nga salla e seancave t\u00eb Parlamentit Europian n\u00eb Bruksel, duke theksuar mb\u00ebshtetjen p\u00ebr procesin e integrimit t\u00eb Shqip\u00ebris\u00eb n\u00eb Bashkimin Europian. Ai n\u00ebnvizoi se dokumenti i fundit i prezantuar n\u00eb k\u00ebt\u00eb institucion vler\u00ebson ecurin\u00eb e Shqip\u00ebris\u00eb n\u00eb procesin e negociatave. \u201cJu p\u00ebrsh\u00ebndes nga&#8230;<\/p>\n<p class=\"more-link-wrap\"><a href=\"https:\/\/factznews.com\/?p=4723\" class=\"more-link\">Read More<span class=\"screen-reader-text\"> &ldquo;Taulant Balla nga Parlamenti Europian jep LAJMIN E MIR\u00cb p\u00ebr Shqiptar\u00ebt\u2026&rdquo;<\/span> &raquo;<\/a><\/p>\n","protected":false},"author":1,"featured_media":4724,"comment_status":"open","ping_status":"open","sticky":false,"template":"","format":"standard","meta":{"footnotes":""},"categories":[5],"tags":[],"class_list":["post-4723","post","type-post","status-publish","format-standard","has-post-thumbnail","hentry","category-news"],"_links":{"self":[{"href":"https:\/\/factznews.com\/index.php?rest_route=\/wp\/v2\/posts\/4723","targetHints":{"allow":["GET"]}}],"collection":[{"href":"https:\/\/factznews.com\/index.php?rest_route=\/wp\/v2\/posts"}],"about":[{"href":"https:\/\/factznews.com\/index.php?rest_route=\/wp\/v2\/types\/post"}],"author":[{"embeddable":true,"href":"https:\/\/factznews.com\/index.php?rest_route=\/wp\/v2\/users\/1"}],"replies":[{"embeddable":true,"href":"https:\/\/factznews.com\/index.php?rest_route=%2Fwp%2Fv2%2Fcomments&post=4723"}],"version-history":[{"count":1,"href":"https:\/\/factznews.com\/index.php?rest_route=\/wp\/v2\/posts\/4723\/revisions"}],"predecessor-version":[{"id":4725,"href":"https:\/\/factznews.com\/index.php?rest_route=\/wp\/v2\/posts\/4723\/revisions\/4725"}],"wp:featuredmedia":[{"embeddable":true,"href":"https:\/\/factznews.com\/index.php?rest_route=\/wp\/v2\/media\/4724"}],"wp:attachment":[{"href":"https:\/\/factznews.com\/index.php?rest_route=%2Fwp%2Fv2%2Fmedia&parent=4723"}],"wp:term":[{"taxonomy":"category","embeddable":true,"href":"https:\/\/factznews.com\/index.php?rest_route=%2Fwp%2Fv2%2Fcategories&post=4723"},{"taxonomy":"post_tag","embeddable":true,"href":"https:\/\/factznews.com\/index.php?rest_route=%2Fwp%2Fv2%2Ftags&post=4723"}],"curies":[{"name":"wp","href":"https:\/\/api.w.org\/{rel}","templated":true}]}}