{"id":4774,"date":"2026-02-25T01:50:59","date_gmt":"2026-02-25T01:50:59","guid":{"rendered":"https:\/\/factznews.com\/?p=4774"},"modified":"2026-02-25T01:50:59","modified_gmt":"2026-02-25T01:50:59","slug":"nd%d0%bedh-mr%d0%b5kulli%d0%b0-ne-big-br%d0%beth%d0%b5r-brik%d0%b5n%d0%b0-ben-r%d0%b5%d0%b0gimin-%d0%b5-bujshem-%d1%80er-%d0%bc%d0%b0t%d0%b5%d0%ben-%d0%bce-int%d0%b5r%d0%b5s%d0%ben","status":"publish","type":"post","link":"https:\/\/factznews.com\/?p=4774","title":{"rendered":"Nd\u043edh \u201cmr\u0435kulli\u0430\u201d n\u00eb Big Br\u043eth\u0435r! Brik\u0435n\u0430 b\u00ebn r\u0435\u0430gimin \u0435 bujsh\u00ebm \u0440\u00ebr \u041c\u0430t\u0435\u043en: \u041c\u00eb int\u0435r\u0435s\u043en v\u0435t\u00ebm"},"content":{"rendered":"<p>Prime i sot\u00ebm i Big Brotherit, edhe pse i shoq\u00ebruar me debate, ka nisur plot emicione p\u00ebr Mateon, pasi m\u00eb n\u00eb fund Brikena pranoi haptazi p\u00eblqimin ndaj tij.<\/p>\n<p>Edhe pse banorja \u00ebhst\u00eb me mendimin se Mateo nuk ka ndjenja p\u00ebr t\u00eb, por vet\u00ebm p\u00eblqim, ajo ka theksuar se ka interes p\u00ebr t\u00eb.<\/p>\n<p>\u201cM\u00eb vjen keq kur e ulin Mateon dhe kjo ndonj\u00ebher\u00eb b\u00ebhet e tep\u00ebrt. I kam th\u00ebn\u00eb q\u00eb un\u00eb e shoh se ai ka p\u00eblqim p\u00ebr mua. Kam interes p\u00ebr Mateon, m\u00eb p\u00eblqen si djal\u00eb, por nuk shoh q\u00eb ai ka ndjenja\u201d u shpreh Brikena.<\/p>\n<p>N\u00eb lidhje me deklarat\u00ebn e sja, ky i fundit \u00ebsht\u00eb shprehur se nuk i p\u00eblqen pasiguria q\u00eb ajo tregon n\u00eb marr\u00ebdh\u00ebnien e tyre.<\/p>\n<p>\u201cMua m\u00eb intereson \u00e7far\u00eb mendon Brikena. N\u00ebse ajo m\u00eb beson, \u00e7do gj\u00eb \u00ebsht\u00eb n\u00eb rregull. Nuk m\u00eb p\u00eblqen pasiguria e saj\u201d u p\u00ebrgjigj Mateo n\u00eb lidhje me situat\u00ebn e krijuar me banoren.<\/p>\n<p>Pjes\u00eb nga biseda:<\/p>\n<p>Mateo: Mua nuk m\u00eb b\u00ebjn\u00eb p\u00ebrshtypje fjal\u00ebt e banor\u00ebve. Ata nuk besojn\u00eb asgj\u00eb. Thon\u00eb q\u00eb ne po p\u00ebrdorim nj\u00ebri-tjetrin. Mua m\u00eb intereson \u00e7far\u00eb mendon Brikena. N\u00ebse ajo m\u00eb beson, \u00e7do gj\u00eb \u00ebsht\u00eb n\u00eb rregull. Nuk m\u00eb p\u00eblqen pasiguria e saj. Kjo \u00ebsht\u00eb nj\u00eb tem\u00eb q\u00eb un\u00eb e diskutoj vet\u00ebm me t\u00eb.<\/p>\n<p>Brikena: Un\u00eb ia kam shpjeguar Mateos q\u00eb opinionet e t\u00eb tjer\u00ebve nuk m\u00eb interesojn\u00eb. M\u00eb vjen keq kur e ulin Mateon dhe kjo ndonj\u00ebher\u00eb b\u00ebhet e tep\u00ebrt. I kam th\u00ebn\u00eb q\u00eb un\u00eb e shoh se ai ka p\u00eblqim p\u00ebr mua. Kam interes p\u00ebr Mateon, m\u00eb p\u00eblqen si djal\u00eb, por nuk shoh q\u00eb ai ka ndjenja.<\/p>\n<p>Intuita ime m\u00eb b\u00ebn t\u00eb mendoj q\u00eb ai nuk ka ndjenja, por vet\u00ebm p\u00eblqim. Ai m\u00eb b\u00ebn t\u00eb ndihem shum\u00eb mir\u00eb. Dyshimet dhe ftoht\u00ebsia ime ndaj tij ndoshta i b\u00ebjn\u00eb banor\u00ebt t\u00eb mendojn\u00eb q\u00eb un\u00eb nuk kam interes p\u00ebr t\u00eb, por un\u00eb kam interes p\u00ebr Mateon, sepse ai m\u00eb b\u00ebn t\u00eb ndihem rehat.<\/p>\n","protected":false},"excerpt":{"rendered":"<p>Prime i sot\u00ebm i Big Brotherit, edhe pse i shoq\u00ebruar me debate, ka nisur plot emicione p\u00ebr Mateon, pasi m\u00eb n\u00eb fund Brikena pranoi haptazi p\u00eblqimin ndaj tij. Edhe pse banorja \u00ebhst\u00eb me mendimin se Mateo nuk ka ndjenja p\u00ebr t\u00eb, por vet\u00ebm p\u00eblqim, ajo ka theksuar se ka interes p\u00ebr t\u00eb. \u201cM\u00eb vjen keq&#8230;<\/p>\n<p class=\"more-link-wrap\"><a href=\"https:\/\/factznews.com\/?p=4774\" class=\"more-link\">Read More<span class=\"screen-reader-text\"> &ldquo;Nd\u043edh \u201cmr\u0435kulli\u0430\u201d n\u00eb Big Br\u043eth\u0435r! Brik\u0435n\u0430 b\u00ebn r\u0435\u0430gimin \u0435 bujsh\u00ebm \u0440\u00ebr \u041c\u0430t\u0435\u043en: \u041c\u00eb int\u0435r\u0435s\u043en v\u0435t\u00ebm&rdquo;<\/span> &raquo;<\/a><\/p>\n","protected":false},"author":1,"featured_media":4775,"comment_status":"open","ping_status":"open","sticky":false,"template":"","format":"standard","meta":{"footnotes":""},"categories":[5],"tags":[],"class_list":["post-4774","post","type-post","status-publish","format-standard","has-post-thumbnail","hentry","category-news"],"_links":{"self":[{"href":"https:\/\/factznews.com\/index.php?rest_route=\/wp\/v2\/posts\/4774","targetHints":{"allow":["GET"]}}],"collection":[{"href":"https:\/\/factznews.com\/index.php?rest_route=\/wp\/v2\/posts"}],"about":[{"href":"https:\/\/factznews.com\/index.php?rest_route=\/wp\/v2\/types\/post"}],"author":[{"embeddable":true,"href":"https:\/\/factznews.com\/index.php?rest_route=\/wp\/v2\/users\/1"}],"replies":[{"embeddable":true,"href":"https:\/\/factznews.com\/index.php?rest_route=%2Fwp%2Fv2%2Fcomments&post=4774"}],"version-history":[{"count":1,"href":"https:\/\/factznews.com\/index.php?rest_route=\/wp\/v2\/posts\/4774\/revisions"}],"predecessor-version":[{"id":4776,"href":"https:\/\/factznews.com\/index.php?rest_route=\/wp\/v2\/posts\/4774\/revisions\/4776"}],"wp:featuredmedia":[{"embeddable":true,"href":"https:\/\/factznews.com\/index.php?rest_route=\/wp\/v2\/media\/4775"}],"wp:attachment":[{"href":"https:\/\/factznews.com\/index.php?rest_route=%2Fwp%2Fv2%2Fmedia&parent=4774"}],"wp:term":[{"taxonomy":"category","embeddable":true,"href":"https:\/\/factznews.com\/index.php?rest_route=%2Fwp%2Fv2%2Fcategories&post=4774"},{"taxonomy":"post_tag","embeddable":true,"href":"https:\/\/factznews.com\/index.php?rest_route=%2Fwp%2Fv2%2Ftags&post=4774"}],"curies":[{"name":"wp","href":"https:\/\/api.w.org\/{rel}","templated":true}]}}