{"id":4793,"date":"2026-02-25T14:08:36","date_gmt":"2026-02-25T14:08:36","guid":{"rendered":"https:\/\/factznews.com\/?p=4793"},"modified":"2026-02-25T14:08:36","modified_gmt":"2026-02-25T14:08:36","slug":"babai-vrt-bashkeshorten-dhe-dy-femijet-lajmi-qe-po-trndit-rrjetin","status":"publish","type":"post","link":"https:\/\/factznews.com\/?p=4793","title":{"rendered":"Babai VR*T bashk\u00ebshorten dhe dy f\u00ebmij\u00ebt, lajmi q\u00eb po TR*NDIT rrjetin!"},"content":{"rendered":"<p>nj\u00eb ngjarje e r\u00ebnd\u00eb ka tronditur Gjermanin\u00eb, pasi kat\u00ebr an\u00ebtar\u00eb t\u00eb nj\u00eb familjeje u gjet\u00ebn t\u00eb pajet\u00eb n\u00eb banes\u00ebn e tyre n\u00eb komun\u00ebn Strullendorf, n\u00eb zon\u00ebn e Bambergut. Viktimat jan\u00eb nj\u00eb vajz\u00eb 6-vje\u00e7are, nj\u00eb djal\u00eb 14-vje\u00e7ar dhe n\u00ebna e tyre 49-vje\u00e7are. N\u00eb apartament u gjet gjithashtu i pajet\u00eb edhe babai 52-vje\u00e7ar, i cili dyshohet t\u00eb ket\u00eb q\u00eblluar fillimisht familjar\u00ebt dhe m\u00eb pas veten.<\/p>\n<p>Policia u njoftua nga pronari i banes\u00ebs, i cili kishte shprehur shqet\u00ebsim pasi nuk kishte marr\u00eb p\u00ebrgjigje nga familja prej disa dit\u00ebsh. Sipas mediave lokale, fqinj\u00ebt kishin raportuar edhe er\u00eb t\u00eb pazakont\u00eb q\u00eb vinte nga apartamenti.<\/p>\n<p>Forcat e rendit mb\u00ebrrit\u00ebn n\u00eb vendngjarje mbr\u00ebmjen e s\u00eb premtes dhe pasi hyn\u00eb n\u00eb banes\u00eb, konstatuan kat\u00ebr trupat. Pran\u00eb babait u gjet edhe arma e zjarrit. Ai rezulton t\u00eb ket\u00eb pasur leje p\u00ebr arm\u00eb dhe disa arm\u00eb t\u00eb tjera u sekuestruan n\u00eb banes\u00eb.<\/p>\n<p>Autoritetet kan\u00eb b\u00ebr\u00eb t\u00eb ditur se nuk ka dyshime p\u00ebr p\u00ebrfshirje t\u00eb personave t\u00eb tjer\u00eb. Hetimet po vijojn\u00eb p\u00ebr t\u00eb p\u00ebrcaktuar koh\u00ebn e sakt\u00eb t\u00eb ngjarjes dhe rrethanat q\u00eb \u00e7uan n\u00eb k\u00ebt\u00eb tragjedi. Autopsia pritet t\u00eb ndihmoj\u00eb n\u00eb sqarimin e m\u00ebtejsh\u00ebm t\u00eb \u00e7\u00ebshtjes. Identitetet e viktimave nuk jan\u00eb b\u00ebr\u00eb ende publike.<\/p>\n","protected":false},"excerpt":{"rendered":"<p>nj\u00eb ngjarje e r\u00ebnd\u00eb ka tronditur Gjermanin\u00eb, pasi kat\u00ebr an\u00ebtar\u00eb t\u00eb nj\u00eb familjeje u gjet\u00ebn t\u00eb pajet\u00eb n\u00eb banes\u00ebn e tyre n\u00eb komun\u00ebn Strullendorf, n\u00eb zon\u00ebn e Bambergut. Viktimat jan\u00eb nj\u00eb vajz\u00eb 6-vje\u00e7are, nj\u00eb djal\u00eb 14-vje\u00e7ar dhe n\u00ebna e tyre 49-vje\u00e7are. N\u00eb apartament u gjet gjithashtu i pajet\u00eb edhe babai 52-vje\u00e7ar, i cili dyshohet t\u00eb&#8230;<\/p>\n<p class=\"more-link-wrap\"><a href=\"https:\/\/factznews.com\/?p=4793\" class=\"more-link\">Read More<span class=\"screen-reader-text\"> &ldquo;Babai VR*T bashk\u00ebshorten dhe dy f\u00ebmij\u00ebt, lajmi q\u00eb po TR*NDIT rrjetin!&rdquo;<\/span> &raquo;<\/a><\/p>\n","protected":false},"author":1,"featured_media":4794,"comment_status":"open","ping_status":"open","sticky":false,"template":"","format":"standard","meta":{"footnotes":""},"categories":[5],"tags":[],"class_list":["post-4793","post","type-post","status-publish","format-standard","has-post-thumbnail","hentry","category-news"],"_links":{"self":[{"href":"https:\/\/factznews.com\/index.php?rest_route=\/wp\/v2\/posts\/4793","targetHints":{"allow":["GET"]}}],"collection":[{"href":"https:\/\/factznews.com\/index.php?rest_route=\/wp\/v2\/posts"}],"about":[{"href":"https:\/\/factznews.com\/index.php?rest_route=\/wp\/v2\/types\/post"}],"author":[{"embeddable":true,"href":"https:\/\/factznews.com\/index.php?rest_route=\/wp\/v2\/users\/1"}],"replies":[{"embeddable":true,"href":"https:\/\/factznews.com\/index.php?rest_route=%2Fwp%2Fv2%2Fcomments&post=4793"}],"version-history":[{"count":1,"href":"https:\/\/factznews.com\/index.php?rest_route=\/wp\/v2\/posts\/4793\/revisions"}],"predecessor-version":[{"id":4795,"href":"https:\/\/factznews.com\/index.php?rest_route=\/wp\/v2\/posts\/4793\/revisions\/4795"}],"wp:featuredmedia":[{"embeddable":true,"href":"https:\/\/factznews.com\/index.php?rest_route=\/wp\/v2\/media\/4794"}],"wp:attachment":[{"href":"https:\/\/factznews.com\/index.php?rest_route=%2Fwp%2Fv2%2Fmedia&parent=4793"}],"wp:term":[{"taxonomy":"category","embeddable":true,"href":"https:\/\/factznews.com\/index.php?rest_route=%2Fwp%2Fv2%2Fcategories&post=4793"},{"taxonomy":"post_tag","embeddable":true,"href":"https:\/\/factznews.com\/index.php?rest_route=%2Fwp%2Fv2%2Ftags&post=4793"}],"curies":[{"name":"wp","href":"https:\/\/api.w.org\/{rel}","templated":true}]}}