{"id":4796,"date":"2026-02-25T14:10:35","date_gmt":"2026-02-25T14:10:35","guid":{"rendered":"https:\/\/factznews.com\/?p=4796"},"modified":"2026-02-25T14:10:35","modified_gmt":"2026-02-25T14:10:35","slug":"sizmologu-%d1%80er-lekundj%d0%b5t-ne-b%d0%b5lsh-nuk-k%d0%b0-v%d0%b5nd-%d1%80er-%d1%80%d0%b0nik-j%d0%b0-z%d0%ben%d0%b0t-me-%d0%b0ktiv%d0%b5","status":"publish","type":"post","link":"https:\/\/factznews.com\/?p=4796","title":{"rendered":"Sizmologu \u0440\u00ebr l\u00ebkundj\u0435t n\u00eb B\u0435lsh: Nuk k\u0430 v\u0435nd \u0440\u00ebr \u0440\u0430nik, j\u0430 z\u043en\u0430t m\u00eb \u0430ktiv\u0435"},"content":{"rendered":"<p>Sizmiologu Rrapo Ormeni tha sot se nuk ka vend p\u00ebr panik nga t\u00ebrmeti i mbr\u00ebmjes s\u00eb t\u00eb mart\u00ebs n\u00eb Belsh, l\u00ebkundjet e t\u00eb cilit u ndjen\u00eb edhe n\u00eb zona t\u00eb tjera t\u00eb vendit.<\/p>\n<p>Sizmiologu theksoi se zona Lushnj\u00eb-Elbasan-Dib\u00ebr \u00ebsht\u00eb nd\u00ebr m\u00eb aktivet dhe \u00ebsht\u00eb nj\u00eb segment q\u00eb gjeneron her\u00eb pas here t\u00ebrmete.<\/p>\n<p>\u201cNuk ka vend p\u00ebr panik. Epiqendra e t\u00ebrmetit \u00ebsht\u00eb 6 km n\u00eb per\u00ebndim t\u00eb Belshit dhe 11 km n\u00eb lindje t\u00eb Lushnj\u00ebs, gjithashtu dhe 23 km n\u00eb jugper\u00ebndim t\u00eb Elbasanit dhe 36 km n\u00eb jug t\u00eb Tiran\u00ebs.<\/p>\n<p>\u00cbsht\u00eb ndjer\u00eb fuqish\u00ebm n\u00eb zon\u00ebn epicentrale n\u00eb Belsh e Lushnj\u00eb me intensitet 5 ball\u00eb. \u00cbsht\u00eb ndjer\u00eb dhe n\u00eb Tiran\u00eb. ka pasur 2 pasgoditje. N\u00eb Elbasan, Tiran\u00eb e Berat \u00ebsht\u00eb ndjer\u00eb me intensitet 4 ball\u00eb.<\/p>\n<p>Zona Lushnj\u00eb-Elbasan-Dib\u00ebr jan\u00eb zonat m\u00eb aktive t\u00eb vendit, sepse \u00ebsht\u00eb nj\u00eb thyerje e madhe q\u00eb shtrihet deri n\u00eb jug, n\u00eb Vlor\u00eb-Fier-Lushnj\u00eb-Dib\u00ebr dhe shkon deri n\u00eb Tetov\u00eb e Gjilan.<\/p>\n<p>N\u00eb k\u00ebt\u00eb segment gjenerojn\u00eb her\u00eb pas here t\u00ebrmete. T\u00ebrmetet kur kalojn\u00eb magnitud\u00eb 4.5 zakonisht shkaktojn\u00eb d\u00ebmtime\u201d,-tha Ormeni.<\/p>\n","protected":false},"excerpt":{"rendered":"<p>Sizmiologu Rrapo Ormeni tha sot se nuk ka vend p\u00ebr panik nga t\u00ebrmeti i mbr\u00ebmjes s\u00eb t\u00eb mart\u00ebs n\u00eb Belsh, l\u00ebkundjet e t\u00eb cilit u ndjen\u00eb edhe n\u00eb zona t\u00eb tjera t\u00eb vendit. Sizmiologu theksoi se zona Lushnj\u00eb-Elbasan-Dib\u00ebr \u00ebsht\u00eb nd\u00ebr m\u00eb aktivet dhe \u00ebsht\u00eb nj\u00eb segment q\u00eb gjeneron her\u00eb pas here t\u00ebrmete. \u201cNuk ka vend&#8230;<\/p>\n<p class=\"more-link-wrap\"><a href=\"https:\/\/factznews.com\/?p=4796\" class=\"more-link\">Read More<span class=\"screen-reader-text\"> &ldquo;Sizmologu \u0440\u00ebr l\u00ebkundj\u0435t n\u00eb B\u0435lsh: Nuk k\u0430 v\u0435nd \u0440\u00ebr \u0440\u0430nik, j\u0430 z\u043en\u0430t m\u00eb \u0430ktiv\u0435&rdquo;<\/span> &raquo;<\/a><\/p>\n","protected":false},"author":1,"featured_media":4797,"comment_status":"open","ping_status":"open","sticky":false,"template":"","format":"standard","meta":{"footnotes":""},"categories":[5],"tags":[],"class_list":["post-4796","post","type-post","status-publish","format-standard","has-post-thumbnail","hentry","category-news"],"_links":{"self":[{"href":"https:\/\/factznews.com\/index.php?rest_route=\/wp\/v2\/posts\/4796","targetHints":{"allow":["GET"]}}],"collection":[{"href":"https:\/\/factznews.com\/index.php?rest_route=\/wp\/v2\/posts"}],"about":[{"href":"https:\/\/factznews.com\/index.php?rest_route=\/wp\/v2\/types\/post"}],"author":[{"embeddable":true,"href":"https:\/\/factznews.com\/index.php?rest_route=\/wp\/v2\/users\/1"}],"replies":[{"embeddable":true,"href":"https:\/\/factznews.com\/index.php?rest_route=%2Fwp%2Fv2%2Fcomments&post=4796"}],"version-history":[{"count":1,"href":"https:\/\/factznews.com\/index.php?rest_route=\/wp\/v2\/posts\/4796\/revisions"}],"predecessor-version":[{"id":4798,"href":"https:\/\/factznews.com\/index.php?rest_route=\/wp\/v2\/posts\/4796\/revisions\/4798"}],"wp:featuredmedia":[{"embeddable":true,"href":"https:\/\/factznews.com\/index.php?rest_route=\/wp\/v2\/media\/4797"}],"wp:attachment":[{"href":"https:\/\/factznews.com\/index.php?rest_route=%2Fwp%2Fv2%2Fmedia&parent=4796"}],"wp:term":[{"taxonomy":"category","embeddable":true,"href":"https:\/\/factznews.com\/index.php?rest_route=%2Fwp%2Fv2%2Fcategories&post=4796"},{"taxonomy":"post_tag","embeddable":true,"href":"https:\/\/factznews.com\/index.php?rest_route=%2Fwp%2Fv2%2Ftags&post=4796"}],"curies":[{"name":"wp","href":"https:\/\/api.w.org\/{rel}","templated":true}]}}