{"id":4811,"date":"2026-02-25T15:05:17","date_gmt":"2026-02-25T15:05:17","guid":{"rendered":"https:\/\/factznews.com\/?p=4811"},"modified":"2026-02-25T15:05:17","modified_gmt":"2026-02-25T15:05:17","slug":"buje-%d0%b2rik%d0%b5n%d0%b0-t%d0%b0k%d0%ben-vj%d0%b5hrren-i%d0%b0-%d1%80uth-d%d0%beren-%d1%80er-h%d0%b5re-te-%d1%80%d0%b0re","status":"publish","type":"post","link":"https:\/\/factznews.com\/?p=4811","title":{"rendered":"Buj\u00eb\/ \u0412rik\u0435n\u0430 t\u0430k\u043en \u201cvj\u0435hrr\u00ebn\u201d i\u0430 \u0440uth d\u043er\u00ebn \u0440\u00ebr h\u0435r\u00eb t\u00eb \u0440\u0430r\u00eb"},"content":{"rendered":"<p>Buj\u00eb\/ \u0412rik\u0435n\u0430 t\u0430k\u043en \u201cvj\u0435hrr\u00ebn\u201d i\u0430 \u0440uth d\u043er\u00ebn \u0440\u00ebr h\u0435r\u00eb t\u00eb \u0440\u0430r\u00eb<br \/>\nNj\u00eb moment tejet emocional dhe dometh\u00ebn\u00ebs \u00ebsht\u00eb sh\u00ebnuar s\u00eb fundmi gjat\u00eb takimit mes Briken\u00ebs dhe n\u00ebn\u00ebs s\u00eb Mateos.<\/p>\n<p>Ky takim, i cili u zhvillua n\u00eb nj\u00eb atmosfer\u00eb t\u00eb ngroht\u00eb dhe plot respekt, u komentua gjer\u00ebsisht edhe nga Kosovarja.<\/p>\n<p>P\u00ebr her\u00eb t\u00eb par\u00eb, Brikena ka treguar nj\u00eb gjest t\u00eb ve\u00e7ant\u00eb respekti duke ia puthur dor\u00ebn n\u00ebn\u00ebs s\u00eb Mateos, nj\u00eb veprim q\u00eb u vler\u00ebsua si shenj\u00eb edukate, p\u00ebrul\u00ebsie dhe afrimiteti.<\/p>\n<p>Emocionet ishin t\u00eb dukshme n\u00eb t\u00eb dyja pal\u00ebt, nd\u00ebrsa momenti u kuror\u00ebzua edhe me nj\u00eb p\u00ebrqafim t\u00eb ngroht\u00eb mes tyre, duke reflektuar nj\u00eb lidhje t\u00eb sinqert\u00eb dhe mir\u00ebkuptim t\u00eb nd\u00ebrsjell\u00eb.<\/p>\n<p>Gjat\u00eb takimit, Brikena nuk shkoi duarbosh. Ajo i dhuroi n\u00ebn\u00ebs s\u00eb Mateos nj\u00eb kuti me llokuma, nj\u00eb dhurat\u00eb simbolike, por me shum\u00eb dometh\u00ebnie, q\u00eb p\u00ebrfaq\u00ebson mikpritjen, respektin dhe tradit\u00ebn. Ky gjest u prit me shum\u00eb k\u00ebnaq\u00ebsi dhe emocion nga ana e n\u00ebn\u00ebs s\u00eb Mateos.<\/p>\n<p>Takimi u komentua pozitivisht nga ndjek\u00ebsit n\u00eb rrjetet sociale, t\u00eb cil\u00ebt e cil\u00ebsuan si nj\u00eb moment t\u00eb bukur, njer\u00ebzor dhe shembullor.<\/p>\n<p>Sipas burimeve, marr\u00ebdh\u00ebnia mes Briken\u00ebs dhe familjes s\u00eb Mateos duket se po nd\u00ebrtohet mbi baza respekti dhe harmonie, duke l\u00ebn\u00eb p\u00ebrshtypje shum\u00eb t\u00eb mira tek publiku.<\/p>\n","protected":false},"excerpt":{"rendered":"<p>Buj\u00eb\/ \u0412rik\u0435n\u0430 t\u0430k\u043en \u201cvj\u0435hrr\u00ebn\u201d i\u0430 \u0440uth d\u043er\u00ebn \u0440\u00ebr h\u0435r\u00eb t\u00eb \u0440\u0430r\u00eb Nj\u00eb moment tejet emocional dhe dometh\u00ebn\u00ebs \u00ebsht\u00eb sh\u00ebnuar s\u00eb fundmi gjat\u00eb takimit mes Briken\u00ebs dhe n\u00ebn\u00ebs s\u00eb Mateos. Ky takim, i cili u zhvillua n\u00eb nj\u00eb atmosfer\u00eb t\u00eb ngroht\u00eb dhe plot respekt, u komentua gjer\u00ebsisht edhe nga Kosovarja. P\u00ebr her\u00eb t\u00eb par\u00eb, Brikena ka&#8230;<\/p>\n<p class=\"more-link-wrap\"><a href=\"https:\/\/factznews.com\/?p=4811\" class=\"more-link\">Read More<span class=\"screen-reader-text\"> &ldquo;Buj\u00eb\/ \u0412rik\u0435n\u0430 t\u0430k\u043en \u201cvj\u0435hrr\u00ebn\u201d i\u0430 \u0440uth d\u043er\u00ebn \u0440\u00ebr h\u0435r\u00eb t\u00eb \u0440\u0430r\u00eb&rdquo;<\/span> &raquo;<\/a><\/p>\n","protected":false},"author":1,"featured_media":4661,"comment_status":"open","ping_status":"open","sticky":false,"template":"","format":"standard","meta":{"footnotes":""},"categories":[5],"tags":[],"class_list":["post-4811","post","type-post","status-publish","format-standard","has-post-thumbnail","hentry","category-news"],"_links":{"self":[{"href":"https:\/\/factznews.com\/index.php?rest_route=\/wp\/v2\/posts\/4811","targetHints":{"allow":["GET"]}}],"collection":[{"href":"https:\/\/factznews.com\/index.php?rest_route=\/wp\/v2\/posts"}],"about":[{"href":"https:\/\/factznews.com\/index.php?rest_route=\/wp\/v2\/types\/post"}],"author":[{"embeddable":true,"href":"https:\/\/factznews.com\/index.php?rest_route=\/wp\/v2\/users\/1"}],"replies":[{"embeddable":true,"href":"https:\/\/factznews.com\/index.php?rest_route=%2Fwp%2Fv2%2Fcomments&post=4811"}],"version-history":[{"count":1,"href":"https:\/\/factznews.com\/index.php?rest_route=\/wp\/v2\/posts\/4811\/revisions"}],"predecessor-version":[{"id":4812,"href":"https:\/\/factznews.com\/index.php?rest_route=\/wp\/v2\/posts\/4811\/revisions\/4812"}],"wp:featuredmedia":[{"embeddable":true,"href":"https:\/\/factznews.com\/index.php?rest_route=\/wp\/v2\/media\/4661"}],"wp:attachment":[{"href":"https:\/\/factznews.com\/index.php?rest_route=%2Fwp%2Fv2%2Fmedia&parent=4811"}],"wp:term":[{"taxonomy":"category","embeddable":true,"href":"https:\/\/factznews.com\/index.php?rest_route=%2Fwp%2Fv2%2Fcategories&post=4811"},{"taxonomy":"post_tag","embeddable":true,"href":"https:\/\/factznews.com\/index.php?rest_route=%2Fwp%2Fv2%2Ftags&post=4811"}],"curies":[{"name":"wp","href":"https:\/\/api.w.org\/{rel}","templated":true}]}}