{"id":4820,"date":"2026-02-25T15:32:07","date_gmt":"2026-02-25T15:32:07","guid":{"rendered":"https:\/\/factznews.com\/?p=4820"},"modified":"2026-02-25T15:32:07","modified_gmt":"2026-02-25T15:32:07","slug":"ish-d%d0%b5%d1%80ut%d0%b5ti-s%d0%beci%d0%b0list-zbul%d0%ben-%d1%80%d0%b0r%d0%b0-k%d0%beh%d0%b5-v%d0%b5ndimin-%d0%b5-ps-se-%d1%80er-%d0%b2%d0%b0llukun","status":"publish","type":"post","link":"https:\/\/factznews.com\/?p=4820","title":{"rendered":"Ish-d\u0435\u0440ut\u0435ti s\u043eci\u0430list zbul\u043en \u0440\u0430r\u0430 k\u043eh\u0435 v\u0435ndimin \u0435 PS-s\u00eb \u0440\u00ebr \u0412\u0430llukun"},"content":{"rendered":"<p>Ish-deputeti i PS-s\u00eb, Petro Ko\u00e7i thot\u00eb se beson q\u00eb PS do jet\u00eb kund\u00ebr k\u00ebrkes\u00ebs s\u00eb GJJKKO lidhur me \u00e7\u00ebshtjen \u201cBalluku\u201d. Ko\u00e7i kritikoi edhe veprimet e opozit\u00ebs, duke u shprehur se ato e konsolidojn\u00eb qeverin\u00eb dhe nuk e dob\u00ebsojn\u00eb at\u00eb.<\/p>\n<p>\u201cN\u00ebse marrim \u00e7\u00ebshtjen e pezullimit, PS ka qen\u00eb kund\u00ebr k\u00ebsaj kompetence. Sigurisht q\u00eb Gjykata Kushtetuese me at\u00eb vendimin 4:4 e la n\u00eb fuqi vendimin e pezullimit, por \u00e7udit\u00ebrisht prap\u00eb PS \u00ebsht\u00eb duke e respektuar,<\/p>\n<p>kur kishte mund\u00ebsin\u00eb p\u00ebr t\u00eb respektuar k\u00ebrkes\u00ebn e GJKKO dhe jo thjesht vendimin e Gjykat\u00ebs Kushtetuese. Kemi t\u00eb b\u00ebjm\u00eb me nj\u00eb q\u00ebndrim jo konsenguent.<\/p>\n<p>Nga ajo q\u00eb u pa n\u00eb K\u00ebshillin e Mandateve dhe Imuniteteve u duk sikur PS do jet\u00eb kund\u00ebr k\u00ebrkes\u00ebs s\u00eb GJKKO-s\u00eb, nuk pres nj\u00eb ndryshim n\u00eb pak dit\u00eb. Me sa duket problemi do t\u00eb jet\u00eb s\u00ebrish prezent dhe n\u00eb nj\u00eb far\u00eb m\u00ebnyr\u00eb jemi me k\u00ebt\u00eb lloj q\u00ebndrimi, duke ushqyer pak opozit\u00ebn, pavar\u00ebsisht se \u00ebsht\u00eb nj\u00eb opozit\u00eb q\u00eb ka at\u00eb performanc\u00ebn e vet, q\u00eb n\u00eb gjykimin tim e konsolidon qeverin\u00eb, nuk \u00ebsht\u00eb se e dob\u00ebson, nga m\u00ebnyra si vepron opozita\u201d, tha ish-deputeti socialist.<\/p>\n","protected":false},"excerpt":{"rendered":"<p>Ish-deputeti i PS-s\u00eb, Petro Ko\u00e7i thot\u00eb se beson q\u00eb PS do jet\u00eb kund\u00ebr k\u00ebrkes\u00ebs s\u00eb GJJKKO lidhur me \u00e7\u00ebshtjen \u201cBalluku\u201d. Ko\u00e7i kritikoi edhe veprimet e opozit\u00ebs, duke u shprehur se ato e konsolidojn\u00eb qeverin\u00eb dhe nuk e dob\u00ebsojn\u00eb at\u00eb. \u201cN\u00ebse marrim \u00e7\u00ebshtjen e pezullimit, PS ka qen\u00eb kund\u00ebr k\u00ebsaj kompetence. Sigurisht q\u00eb Gjykata Kushtetuese me&#8230;<\/p>\n<p class=\"more-link-wrap\"><a href=\"https:\/\/factznews.com\/?p=4820\" class=\"more-link\">Read More<span class=\"screen-reader-text\"> &ldquo;Ish-d\u0435\u0440ut\u0435ti s\u043eci\u0430list zbul\u043en \u0440\u0430r\u0430 k\u043eh\u0435 v\u0435ndimin \u0435 PS-s\u00eb \u0440\u00ebr \u0412\u0430llukun&rdquo;<\/span> &raquo;<\/a><\/p>\n","protected":false},"author":1,"featured_media":4821,"comment_status":"open","ping_status":"open","sticky":false,"template":"","format":"standard","meta":{"footnotes":""},"categories":[5],"tags":[],"class_list":["post-4820","post","type-post","status-publish","format-standard","has-post-thumbnail","hentry","category-news"],"_links":{"self":[{"href":"https:\/\/factznews.com\/index.php?rest_route=\/wp\/v2\/posts\/4820","targetHints":{"allow":["GET"]}}],"collection":[{"href":"https:\/\/factznews.com\/index.php?rest_route=\/wp\/v2\/posts"}],"about":[{"href":"https:\/\/factznews.com\/index.php?rest_route=\/wp\/v2\/types\/post"}],"author":[{"embeddable":true,"href":"https:\/\/factznews.com\/index.php?rest_route=\/wp\/v2\/users\/1"}],"replies":[{"embeddable":true,"href":"https:\/\/factznews.com\/index.php?rest_route=%2Fwp%2Fv2%2Fcomments&post=4820"}],"version-history":[{"count":1,"href":"https:\/\/factznews.com\/index.php?rest_route=\/wp\/v2\/posts\/4820\/revisions"}],"predecessor-version":[{"id":4822,"href":"https:\/\/factznews.com\/index.php?rest_route=\/wp\/v2\/posts\/4820\/revisions\/4822"}],"wp:featuredmedia":[{"embeddable":true,"href":"https:\/\/factznews.com\/index.php?rest_route=\/wp\/v2\/media\/4821"}],"wp:attachment":[{"href":"https:\/\/factznews.com\/index.php?rest_route=%2Fwp%2Fv2%2Fmedia&parent=4820"}],"wp:term":[{"taxonomy":"category","embeddable":true,"href":"https:\/\/factznews.com\/index.php?rest_route=%2Fwp%2Fv2%2Fcategories&post=4820"},{"taxonomy":"post_tag","embeddable":true,"href":"https:\/\/factznews.com\/index.php?rest_route=%2Fwp%2Fv2%2Ftags&post=4820"}],"curies":[{"name":"wp","href":"https:\/\/api.w.org\/{rel}","templated":true}]}}