{"id":4873,"date":"2026-02-26T01:26:29","date_gmt":"2026-02-26T01:26:29","guid":{"rendered":"https:\/\/factznews.com\/?p=4873"},"modified":"2026-02-26T01:26:29","modified_gmt":"2026-02-26T01:26:29","slug":"hoxha-ahmet-kalaja-tregon-se-cka-mund-te-hahet-ramazan-dhe-nuk-e-prish-agjerimin","status":"publish","type":"post","link":"https:\/\/factznews.com\/?p=4873","title":{"rendered":"Hoxha Ahmet Kalaja tregon se \u00e7ka mund t\u00eb hahet Ramazan dhe nuk e prish agj\u00ebrimin"},"content":{"rendered":"<p>Hoxha Ahmet Kalaja njihet si nj\u00eb nga hoxhallar\u00ebt q\u00eb me shaka ka b\u00ebr\u00eb p\u00ebr vete shum\u00eb ndjek\u00ebs.<\/p>\n<p>Ai s\u00eb fundmi gjat\u00eb udh\u00ebtimit p\u00ebr n\u00eb Umre me nj\u00eb grup musliman\u00ebsh b\u00ebri nj\u00eb pyetje q\u00eb askush nuk e diti p\u00ebrgjigjjen.<\/p>\n<p>Hoxha thot\u00eb se \u201c\u00c7ka \u00ebsht\u00eb nj\u00eb gj\u00eb q\u00eb haet n\u00eb ramazan por nuk e prish agj\u00ebrimin\u201d?<\/p>\n<p>Pas shum\u00eb pritjesh, hoxha me t\u00eb qeshura tha \u00ebsht\u00eb dajaku, ai q\u00eb haet dhe nuk e prish agj\u00ebrimin, shkruan Kosovarja.<\/p>\n<p>Hoxha Ahmet Kalaja njihet si nj\u00eb nga hoxhallar\u00ebt q\u00eb me shaka ka b\u00ebr\u00eb p\u00ebr vete shum\u00eb ndjek\u00ebs.<\/p>\n<p>Ai s\u00eb fundmi gjat\u00eb udh\u00ebtimit p\u00ebr n\u00eb Umre me nj\u00eb grup musliman\u00ebsh b\u00ebri nj\u00eb pyetje q\u00eb askush nuk e diti p\u00ebrgjigjjen.<\/p>\n<p>Hoxha thot\u00eb se \u201c\u00c7ka \u00ebsht\u00eb nj\u00eb gj\u00eb q\u00eb haet n\u00eb ramazan por nuk e prish agj\u00ebrimin\u201d?<\/p>\n<p>Pas shum\u00eb pritjesh, hoxha me t\u00eb qeshura tha \u00ebsht\u00eb dajaku, ai q\u00eb haet dhe nuk e prish agj\u00ebrimin, shkruan Kosovarja,<\/p>\n","protected":false},"excerpt":{"rendered":"<p>Hoxha Ahmet Kalaja njihet si nj\u00eb nga hoxhallar\u00ebt q\u00eb me shaka ka b\u00ebr\u00eb p\u00ebr vete shum\u00eb ndjek\u00ebs. Ai s\u00eb fundmi gjat\u00eb udh\u00ebtimit p\u00ebr n\u00eb Umre me nj\u00eb grup musliman\u00ebsh b\u00ebri nj\u00eb pyetje q\u00eb askush nuk e diti p\u00ebrgjigjjen. Hoxha thot\u00eb se \u201c\u00c7ka \u00ebsht\u00eb nj\u00eb gj\u00eb q\u00eb haet n\u00eb ramazan por nuk e prish agj\u00ebrimin\u201d? Pas&#8230;<\/p>\n<p class=\"more-link-wrap\"><a href=\"https:\/\/factznews.com\/?p=4873\" class=\"more-link\">Read More<span class=\"screen-reader-text\"> &ldquo;Hoxha Ahmet Kalaja tregon se \u00e7ka mund t\u00eb hahet Ramazan dhe nuk e prish agj\u00ebrimin&rdquo;<\/span> &raquo;<\/a><\/p>\n","protected":false},"author":1,"featured_media":4874,"comment_status":"open","ping_status":"open","sticky":false,"template":"","format":"standard","meta":{"footnotes":""},"categories":[5],"tags":[],"class_list":["post-4873","post","type-post","status-publish","format-standard","has-post-thumbnail","hentry","category-news"],"_links":{"self":[{"href":"https:\/\/factznews.com\/index.php?rest_route=\/wp\/v2\/posts\/4873","targetHints":{"allow":["GET"]}}],"collection":[{"href":"https:\/\/factznews.com\/index.php?rest_route=\/wp\/v2\/posts"}],"about":[{"href":"https:\/\/factznews.com\/index.php?rest_route=\/wp\/v2\/types\/post"}],"author":[{"embeddable":true,"href":"https:\/\/factznews.com\/index.php?rest_route=\/wp\/v2\/users\/1"}],"replies":[{"embeddable":true,"href":"https:\/\/factznews.com\/index.php?rest_route=%2Fwp%2Fv2%2Fcomments&post=4873"}],"version-history":[{"count":1,"href":"https:\/\/factznews.com\/index.php?rest_route=\/wp\/v2\/posts\/4873\/revisions"}],"predecessor-version":[{"id":4875,"href":"https:\/\/factznews.com\/index.php?rest_route=\/wp\/v2\/posts\/4873\/revisions\/4875"}],"wp:featuredmedia":[{"embeddable":true,"href":"https:\/\/factznews.com\/index.php?rest_route=\/wp\/v2\/media\/4874"}],"wp:attachment":[{"href":"https:\/\/factznews.com\/index.php?rest_route=%2Fwp%2Fv2%2Fmedia&parent=4873"}],"wp:term":[{"taxonomy":"category","embeddable":true,"href":"https:\/\/factznews.com\/index.php?rest_route=%2Fwp%2Fv2%2Fcategories&post=4873"},{"taxonomy":"post_tag","embeddable":true,"href":"https:\/\/factznews.com\/index.php?rest_route=%2Fwp%2Fv2%2Ftags&post=4873"}],"curies":[{"name":"wp","href":"https:\/\/api.w.org\/{rel}","templated":true}]}}