{"id":4879,"date":"2026-02-26T14:00:14","date_gmt":"2026-02-26T14:00:14","guid":{"rendered":"https:\/\/factznews.com\/?p=4879"},"modified":"2026-02-26T14:00:14","modified_gmt":"2026-02-26T14:00:14","slug":"berisha-ne-protesten-e-28-shkurtit-mund-te-ndodhe-absolutisht-cdo-gje","status":"publish","type":"post","link":"https:\/\/factznews.com\/?p=4879","title":{"rendered":"Berisha: N\u00eb Protest\u00ebn e 28 shkurtit mund t\u00eb ndodh\u00eb absolutisht \u00e7do gj\u00eb!"},"content":{"rendered":"<p>TIRAN\u00cb- Kryetari i Partis\u00eb Demokratike, Sali Berisha ka deklaruar se protesta e 28 shkurtit do jet\u00eb ndryshe. Gjat\u00eb nj\u00eb prononcimi p\u00ebr mediat, Berisha u shpreh se do t\u00eb eksplorohen forma t\u00eb reja.<\/p>\n<p>Sipas tij t\u00eb gjitha format jan\u00eb n\u00eb konsiderat\u00eb dhe kjo \u00ebsht\u00eb vet\u00ebm protest\u00eb.<\/p>\n<p>U dakord\u00ebsua p\u00ebr llojin e protest\u00ebs, me dat\u00ebn 28 shkurt?<\/p>\n<p>Sali Berisha: Po dakord\u00ebsohemi. Ndryshe do jet\u00eb. Ne tani kalojm\u00eb n\u00eb forma t\u00eb ndryshme protestash, i diversifikojm\u00eb, kemi kreativitet. Do eksplorohen forma t\u00eb reja.<\/p>\n<p>Nj\u00eb nga format? Bllokimi i rrug\u00ebve?<\/p>\n<p>Sali Berisha: T\u00eb gjitha format jan\u00eb n\u00eb konsiderat\u00eb dhe kjo \u00ebsht\u00eb vet\u00ebm protest\u00eb. Ne kemi vet\u00ebm protest\u00eb. Asgj\u00eb nuk p\u00ebrjashtohet. T\u00eb jemi realist\u00eb. Opsionet jan\u00eb t\u00eb gjitha<\/p>\n","protected":false},"excerpt":{"rendered":"<p>TIRAN\u00cb- Kryetari i Partis\u00eb Demokratike, Sali Berisha ka deklaruar se protesta e 28 shkurtit do jet\u00eb ndryshe. Gjat\u00eb nj\u00eb prononcimi p\u00ebr mediat, Berisha u shpreh se do t\u00eb eksplorohen forma t\u00eb reja. Sipas tij t\u00eb gjitha format jan\u00eb n\u00eb konsiderat\u00eb dhe kjo \u00ebsht\u00eb vet\u00ebm protest\u00eb. U dakord\u00ebsua p\u00ebr llojin e protest\u00ebs, me dat\u00ebn 28 shkurt?&#8230;<\/p>\n<p class=\"more-link-wrap\"><a href=\"https:\/\/factznews.com\/?p=4879\" class=\"more-link\">Read More<span class=\"screen-reader-text\"> &ldquo;Berisha: N\u00eb Protest\u00ebn e 28 shkurtit mund t\u00eb ndodh\u00eb absolutisht \u00e7do gj\u00eb!&rdquo;<\/span> &raquo;<\/a><\/p>\n","protected":false},"author":1,"featured_media":4880,"comment_status":"open","ping_status":"open","sticky":false,"template":"","format":"standard","meta":{"footnotes":""},"categories":[5],"tags":[],"class_list":["post-4879","post","type-post","status-publish","format-standard","has-post-thumbnail","hentry","category-news"],"_links":{"self":[{"href":"https:\/\/factznews.com\/index.php?rest_route=\/wp\/v2\/posts\/4879","targetHints":{"allow":["GET"]}}],"collection":[{"href":"https:\/\/factznews.com\/index.php?rest_route=\/wp\/v2\/posts"}],"about":[{"href":"https:\/\/factznews.com\/index.php?rest_route=\/wp\/v2\/types\/post"}],"author":[{"embeddable":true,"href":"https:\/\/factznews.com\/index.php?rest_route=\/wp\/v2\/users\/1"}],"replies":[{"embeddable":true,"href":"https:\/\/factznews.com\/index.php?rest_route=%2Fwp%2Fv2%2Fcomments&post=4879"}],"version-history":[{"count":1,"href":"https:\/\/factznews.com\/index.php?rest_route=\/wp\/v2\/posts\/4879\/revisions"}],"predecessor-version":[{"id":4881,"href":"https:\/\/factznews.com\/index.php?rest_route=\/wp\/v2\/posts\/4879\/revisions\/4881"}],"wp:featuredmedia":[{"embeddable":true,"href":"https:\/\/factznews.com\/index.php?rest_route=\/wp\/v2\/media\/4880"}],"wp:attachment":[{"href":"https:\/\/factznews.com\/index.php?rest_route=%2Fwp%2Fv2%2Fmedia&parent=4879"}],"wp:term":[{"taxonomy":"category","embeddable":true,"href":"https:\/\/factznews.com\/index.php?rest_route=%2Fwp%2Fv2%2Fcategories&post=4879"},{"taxonomy":"post_tag","embeddable":true,"href":"https:\/\/factznews.com\/index.php?rest_route=%2Fwp%2Fv2%2Ftags&post=4879"}],"curies":[{"name":"wp","href":"https:\/\/api.w.org\/{rel}","templated":true}]}}