{"id":4888,"date":"2026-02-26T14:04:57","date_gmt":"2026-02-26T14:04:57","guid":{"rendered":"https:\/\/factznews.com\/?p=4888"},"modified":"2026-02-26T14:04:57","modified_gmt":"2026-02-26T14:04:57","slug":"vendimi-i-gjk%d0%ba%d0%be-%d0%b5-l%d0%b0-ne-burg-ilir-%d0%bc%d0%b5t%d0%b0-r%d0%b5kurs-ne-gjykaten-%d0%b5-l%d0%b0rte","status":"publish","type":"post","link":"https:\/\/factznews.com\/?p=4888","title":{"rendered":"Vendimi i GJK\u041a\u041e \u0435 l\u0430 n\u00eb burg, Ilir \u041c\u0435t\u0430 r\u0435kurs n\u00eb Gjykat\u00ebn \u0435 L\u0430rt\u00eb"},"content":{"rendered":"<p>Vendimi i GJK\u041a\u041e \u0435 l\u0430 n\u00eb burg, Ilir \u041c\u0435t\u0430 r\u0435kurs n\u00eb Gjykat\u00ebn \u0435 L\u0430rt\u00eb<br \/>\nK\u00ebrkesa e ish presidentit p\u00ebr lirim nga qelia \u00ebsht\u00eb rr\u00ebzuar edhe m\u00eb par\u00eb nga t\u00eb tria shkall\u00ebt e gjyq\u00ebsorit q\u00eb kan\u00eb vendosur ta l\u00ebn\u00eb n\u00eb burg.<\/p>\n<p>Ilir Meta i \u00ebsht\u00eb drejtuar Gjykat\u00ebs s\u00eb Lart\u00eb me rekurs kund\u00ebr vendimit t\u00eb Apelit t\u00eb Gjykat\u00ebs s\u00eb Posa\u00e7me, i cili la n\u00eb fuqi mas\u00ebn e siguris\u00eb \u201carrest me burg\u201d.<\/p>\n<p>N\u00eb k\u00ebrkes\u00ebn e tij, kreu i Partis\u00eb s\u00eb Liris\u00eb kund\u00ebrshton q\u00ebndrimin n\u00eb paraburgim dhe k\u00ebrkon zbutjen e mas\u00ebs. Ai argumenton se nuk plot\u00ebsohen kushtet ligjore p\u00ebr mbajtjen e tij n\u00eb qeli dhe e konsideron mas\u00ebn t\u00eb pajustifikuar dhe joproporcionale n\u00eb raport me rrethanat e \u00e7\u00ebshtjes.<\/p>\n<p>K\u00ebrkesa e ish presidentit p\u00ebr lirim nga qelia \u00ebsht\u00eb rr\u00ebzuar edhe m\u00eb par\u00eb nga t\u00eb tria shkall\u00ebt e gjyq\u00ebsorit q\u00eb kan\u00eb vendosur ta l\u00ebn\u00eb n\u00eb burg.<\/p>\n<p>Kreu i Partis\u00eb s\u00eb Liris\u00eb i \u00ebsht\u00eb drejtuar edhe Gjykat\u00ebs Kushtetuese, duke pretenduar se vendimet e tre shkall\u00ebve t\u00eb gjyq\u00ebsorit q\u00eb kan\u00eb l\u00ebn\u00eb n\u00eb fuqi mas\u00ebn e arrestit jan\u00eb antikushtetuese dhe cenojn\u00eb Konvent\u00ebn Europiane p\u00ebr t\u00eb Drejtat e Njeriut.<\/p>\n<p>Ilir Meta ndodhet n\u00eb qeli prej tetorit 2024, dhe akuzohet nga SPAK p\u00ebr korrupsion, pastrim parash dhe fshehje t\u00eb pasuris\u00eb, n\u00eb bashk\u00ebpunim, s\u00eb bashku me ish-bashk\u00ebshorten e tij Monika Kryemadhi, dhe 3 t\u00eb tjer\u00eb.<\/p>\n","protected":false},"excerpt":{"rendered":"<p>Vendimi i GJK\u041a\u041e \u0435 l\u0430 n\u00eb burg, Ilir \u041c\u0435t\u0430 r\u0435kurs n\u00eb Gjykat\u00ebn \u0435 L\u0430rt\u00eb K\u00ebrkesa e ish presidentit p\u00ebr lirim nga qelia \u00ebsht\u00eb rr\u00ebzuar edhe m\u00eb par\u00eb nga t\u00eb tria shkall\u00ebt e gjyq\u00ebsorit q\u00eb kan\u00eb vendosur ta l\u00ebn\u00eb n\u00eb burg. Ilir Meta i \u00ebsht\u00eb drejtuar Gjykat\u00ebs s\u00eb Lart\u00eb me rekurs kund\u00ebr vendimit t\u00eb Apelit t\u00eb&#8230;<\/p>\n<p class=\"more-link-wrap\"><a href=\"https:\/\/factznews.com\/?p=4888\" class=\"more-link\">Read More<span class=\"screen-reader-text\"> &ldquo;Vendimi i GJK\u041a\u041e \u0435 l\u0430 n\u00eb burg, Ilir \u041c\u0435t\u0430 r\u0435kurs n\u00eb Gjykat\u00ebn \u0435 L\u0430rt\u00eb&rdquo;<\/span> &raquo;<\/a><\/p>\n","protected":false},"author":1,"featured_media":4889,"comment_status":"open","ping_status":"open","sticky":false,"template":"","format":"standard","meta":{"footnotes":""},"categories":[5],"tags":[],"class_list":["post-4888","post","type-post","status-publish","format-standard","has-post-thumbnail","hentry","category-news"],"_links":{"self":[{"href":"https:\/\/factznews.com\/index.php?rest_route=\/wp\/v2\/posts\/4888","targetHints":{"allow":["GET"]}}],"collection":[{"href":"https:\/\/factznews.com\/index.php?rest_route=\/wp\/v2\/posts"}],"about":[{"href":"https:\/\/factznews.com\/index.php?rest_route=\/wp\/v2\/types\/post"}],"author":[{"embeddable":true,"href":"https:\/\/factznews.com\/index.php?rest_route=\/wp\/v2\/users\/1"}],"replies":[{"embeddable":true,"href":"https:\/\/factznews.com\/index.php?rest_route=%2Fwp%2Fv2%2Fcomments&post=4888"}],"version-history":[{"count":1,"href":"https:\/\/factznews.com\/index.php?rest_route=\/wp\/v2\/posts\/4888\/revisions"}],"predecessor-version":[{"id":4890,"href":"https:\/\/factznews.com\/index.php?rest_route=\/wp\/v2\/posts\/4888\/revisions\/4890"}],"wp:featuredmedia":[{"embeddable":true,"href":"https:\/\/factznews.com\/index.php?rest_route=\/wp\/v2\/media\/4889"}],"wp:attachment":[{"href":"https:\/\/factznews.com\/index.php?rest_route=%2Fwp%2Fv2%2Fmedia&parent=4888"}],"wp:term":[{"taxonomy":"category","embeddable":true,"href":"https:\/\/factznews.com\/index.php?rest_route=%2Fwp%2Fv2%2Fcategories&post=4888"},{"taxonomy":"post_tag","embeddable":true,"href":"https:\/\/factznews.com\/index.php?rest_route=%2Fwp%2Fv2%2Ftags&post=4888"}],"curies":[{"name":"wp","href":"https:\/\/api.w.org\/{rel}","templated":true}]}}