{"id":4891,"date":"2026-02-26T14:06:11","date_gmt":"2026-02-26T14:06:11","guid":{"rendered":"https:\/\/factznews.com\/?p=4891"},"modified":"2026-02-26T14:06:11","modified_gmt":"2026-02-26T14:06:11","slug":"ministri-i-madh-shume-i-njohur-shtrohet-ne-gjendje-te-rende-ne-spital-thuhet-se","status":"publish","type":"post","link":"https:\/\/factznews.com\/?p=4891","title":{"rendered":"Ministri i madh shum\u00eb i njohur shtrohet n\u00eb gj\u00ebndje t\u00eb r\u00ebnd\u00eb n\u00eb spital, thuhet se"},"content":{"rendered":"<p>Presidenti i SPS-s\u00eb, Ivica Da\u00e7i\u00e7 , Ministri i Pun\u00ebve t\u00eb Brendshme i Republik\u00ebs s\u00eb Serbis\u00eb, \u00ebsht\u00eb n\u00eb gjendje t\u00eb r\u00ebnd\u00eb sh\u00ebndet\u00ebsore, ai u shtrua me urgjenc\u00eb n\u00eb spital dhe u lidh me aparaturat, shkruan Blic. Ivica Da\u00e7i\u00e7 (60) vuan nga diabeti dhe s\u00ebmundje t\u00eb tjera shoq\u00ebruese p\u00ebr vite me radh\u00eb.<\/p>\n<p>Gjendja e Da\u00e7iqit \u00ebsht\u00eb p\u00ebrkeq\u00ebsuar papritmas gjat\u00eb dit\u00ebve t\u00eb fundit dhe sot ai u shtrua p\u00ebr trajtim n\u00eb spital. Si\u00e7 raporton Informer, Da\u00e7i\u00e7 u diagnostikua me pneumoni bilaterale dhe gjendja e tij \u00ebsht\u00eb p\u00ebrkeq\u00ebsuar me shpejt\u00ebsi n\u00eb or\u00ebt e fundit. Jeta e tij \u00ebsht\u00eb n\u00eb rrezik dhe ai ndodhet n\u00eb pulmologji n\u00eb Qendr\u00ebn Klinike n\u00eb Beograd.<\/p>\n<p>N\u00eb nj\u00eb moment, Da\u00e7i\u00e7 ishte n\u00eb nj\u00eb gjendje pak m\u00eb t\u00eb mir\u00eb sesa kur u shtrua p\u00ebr her\u00eb t\u00eb par\u00eb dhe po merrte frym\u00eb vet\u00eb, por m\u00eb pas u rikthye n\u00eb ventilim mekanik. Si\u00e7 raporton Informer, Presidenti Vu\u00e7i\u00e7 e \u201c\u00e7oi me nxitim\u201d Da\u00e7i\u00e7in n\u00eb spital kur pa se si dukej. Vu\u00e7i\u00e7 dyshohet se e pa duke marr\u00eb frym\u00eb me v\u00ebshtir\u00ebsi n\u00eb sh\u00ebrbimin p\u00ebrkujtimor p\u00ebr Vladislav Jovanovi\u00e7in.<\/p>\n<p>-Kur Vu\u00e7i\u00e7 e pa Da\u00e7i\u00e7in dhe shk\u00ebmbeu disa fjal\u00eb me t\u00eb, menj\u00ebher\u00eb i tha se nuk duhej t\u00eb q\u00ebndronte n\u00eb p\u00ebrkujtimore dhe se urgjentisht duhej t\u00eb shkonte n\u00eb spital. Ivica n\u00eb fillim hezitoi, por pastaj e d\u00ebgjoi \u2013 tha bashk\u00ebbiseduesi i Kurir. Vu\u00e7i\u00e7 komentoi fjalimin e Milanovi\u00e7it, Da\u00e7i\u00e7: \u201cKroat\u00ebt jan\u00eb mjeshtra n\u00eb zgjedhjen e an\u00ebve n\u00eb luft\u00eb, ndoshta po p\u00ebrgatisin flamuj rus\u00eb\u201d<\/p>\n<p>Doktori Spasoje Popevi\u0107 zbuloi gjendjen sh\u00ebndet\u00ebsore t\u00eb Ivica Da\u00e7iqit dhe tha se mjek\u00ebt po luftojn\u00eb p\u00ebr jet\u00ebn e tij. \u201cAi \u00ebsht\u00eb shum\u00eb keq, \u00ebsht\u00eb n\u00eb nj\u00ebsin\u00eb e kujdesit intensiv n\u00eb ventilim mekanik dhe po merr t\u00eb gjitha ila\u00e7et q\u00eb i nevojiten, aktualisht po luftojm\u00eb p\u00ebr jet\u00ebn e tij\u201d, tha mjeku p\u00ebr Informer TV. Ai shtoi se do t\u00eb ket\u00eb informacione m\u00eb t\u00eb sakta n\u00eb dit\u00ebt n\u00eb vijim.<\/p>\n<p>\u2013 Da\u00e7i\u00e7 \u00ebsht\u00eb pak m\u00eb mir\u00eb se kur u shtrua, ai u shtrua n\u00eb nj\u00eb gjendje shum\u00eb t\u00eb r\u00ebnd\u00eb dhe nuk kishim zgjidhje tjet\u00ebr ve\u00e7se ta lidhnim me ventilim mekanik dhe k\u00ebshtu t\u00eb blinim koh\u00eb q\u00eb mushk\u00ebrit\u00eb e tij t\u00eb pushonin. Oksigjeni n\u00eb gjakun e tij \u00ebsht\u00eb shum\u00eb i ul\u00ebt dhe p\u00ebr k\u00ebt\u00eb arsye na u desh t\u00eb aplikonim t\u00eb gjitha k\u00ebto, tha mjeku. Ai shtoi se po merrte frym\u00eb p\u00ebr pak koh\u00eb pa aparat, por gjendja e tij k\u00ebrkonte q\u00eb t\u00eb zbatoheshin masa t\u00eb ventilimit mekanik.<\/p>\n","protected":false},"excerpt":{"rendered":"<p>Presidenti i SPS-s\u00eb, Ivica Da\u00e7i\u00e7 , Ministri i Pun\u00ebve t\u00eb Brendshme i Republik\u00ebs s\u00eb Serbis\u00eb, \u00ebsht\u00eb n\u00eb gjendje t\u00eb r\u00ebnd\u00eb sh\u00ebndet\u00ebsore, ai u shtrua me urgjenc\u00eb n\u00eb spital dhe u lidh me aparaturat, shkruan Blic. Ivica Da\u00e7i\u00e7 (60) vuan nga diabeti dhe s\u00ebmundje t\u00eb tjera shoq\u00ebruese p\u00ebr vite me radh\u00eb. Gjendja e Da\u00e7iqit \u00ebsht\u00eb p\u00ebrkeq\u00ebsuar&#8230;<\/p>\n<p class=\"more-link-wrap\"><a href=\"https:\/\/factznews.com\/?p=4891\" class=\"more-link\">Read More<span class=\"screen-reader-text\"> &ldquo;Ministri i madh shum\u00eb i njohur shtrohet n\u00eb gj\u00ebndje t\u00eb r\u00ebnd\u00eb n\u00eb spital, thuhet se&rdquo;<\/span> &raquo;<\/a><\/p>\n","protected":false},"author":1,"featured_media":4892,"comment_status":"open","ping_status":"open","sticky":false,"template":"","format":"standard","meta":{"footnotes":""},"categories":[5],"tags":[],"class_list":["post-4891","post","type-post","status-publish","format-standard","has-post-thumbnail","hentry","category-news"],"_links":{"self":[{"href":"https:\/\/factznews.com\/index.php?rest_route=\/wp\/v2\/posts\/4891","targetHints":{"allow":["GET"]}}],"collection":[{"href":"https:\/\/factznews.com\/index.php?rest_route=\/wp\/v2\/posts"}],"about":[{"href":"https:\/\/factznews.com\/index.php?rest_route=\/wp\/v2\/types\/post"}],"author":[{"embeddable":true,"href":"https:\/\/factznews.com\/index.php?rest_route=\/wp\/v2\/users\/1"}],"replies":[{"embeddable":true,"href":"https:\/\/factznews.com\/index.php?rest_route=%2Fwp%2Fv2%2Fcomments&post=4891"}],"version-history":[{"count":1,"href":"https:\/\/factznews.com\/index.php?rest_route=\/wp\/v2\/posts\/4891\/revisions"}],"predecessor-version":[{"id":4893,"href":"https:\/\/factznews.com\/index.php?rest_route=\/wp\/v2\/posts\/4891\/revisions\/4893"}],"wp:featuredmedia":[{"embeddable":true,"href":"https:\/\/factznews.com\/index.php?rest_route=\/wp\/v2\/media\/4892"}],"wp:attachment":[{"href":"https:\/\/factznews.com\/index.php?rest_route=%2Fwp%2Fv2%2Fmedia&parent=4891"}],"wp:term":[{"taxonomy":"category","embeddable":true,"href":"https:\/\/factznews.com\/index.php?rest_route=%2Fwp%2Fv2%2Fcategories&post=4891"},{"taxonomy":"post_tag","embeddable":true,"href":"https:\/\/factznews.com\/index.php?rest_route=%2Fwp%2Fv2%2Ftags&post=4891"}],"curies":[{"name":"wp","href":"https:\/\/api.w.org\/{rel}","templated":true}]}}