{"id":4894,"date":"2026-02-26T14:11:51","date_gmt":"2026-02-26T14:11:51","guid":{"rendered":"https:\/\/factznews.com\/?p=4894"},"modified":"2026-02-26T14:11:51","modified_gmt":"2026-02-26T14:11:51","slug":"me-erdhen-ne-zyre-ma-thane-troc-rama-con-drejt-prangave-belinda-ballukun","status":"publish","type":"post","link":"https:\/\/factznews.com\/?p=4894","title":{"rendered":"\u201cM\u00eb erdh\u00ebn n\u00eb zyr\u00eb, ma than\u00eb tro\u00e7\u201d, Rama \u00e7on drejt prangave Belinda Ballukun?"},"content":{"rendered":"<p>\u201cM\u00eb erdh\u00ebn n\u00eb zyr\u00eb, ma than\u00eb tro\u00e7\u201d, Rama \u00e7on drejt prangave Belinda Ballukun?<br \/>\nNj\u00eb deklarat\u00eb q\u00eb po trazon prapasken\u00ebn politike: \u201cM\u00eb erdh\u00ebn n\u00eb zyr\u00eb, ma than\u00eb tro\u00e7\u201d. A po p\u00ebrgatitet nj\u00eb goditje e fort\u00eb ndaj Belinda Ballukut?<\/p>\n<p>Burime brenda korridoreve t\u00eb pushtetit flasin p\u00ebr nj\u00eb skenar q\u00eb mund t\u00eb \u00e7oj\u00eb drejt prangave nj\u00eb nga figurat m\u00eb t\u00eb fuqishme t\u00eb qeveris\u00eb.<\/p>\n<p>A \u00ebsht\u00eb kjo nj\u00eb l\u00ebvizje e Ram\u00ebs p\u00ebr t\u00eb shp\u00ebtuar veten nga presioni i dosjeve dhe hetimeve, apo thjesht nj\u00eb tjet\u00ebr loj\u00eb politike p\u00ebr t\u00eb qet\u00ebsuar opinionin publik?<\/p>\n<p>Nd\u00ebrsa SPAK shton l\u00ebvizjet dhe tensioni rritet, pritet t\u00eb zbulohet n\u00ebse kemi t\u00eb b\u00ebjm\u00eb me nj\u00eb goditje reale apo me nj\u00eb strategji t\u00eb re p\u00ebr t\u00eb riformatuar pushtetin n\u00eb kulmin e kriz\u00ebs.<\/p>\n<p><iframe loading=\"lazy\" title=\"&quot;M\u00eb erdh\u00ebn n\u00eb zyr\u00eb, ma than\u00eb tro\u00e7&quot;, Rama \u00e7on drejt prangave Belinda Ballukun?\" width=\"650\" height=\"366\" src=\"https:\/\/www.youtube.com\/embed\/oKjD2ye51IQ?feature=oembed\" frameborder=\"0\" allow=\"accelerometer; autoplay; clipboard-write; encrypted-media; gyroscope; picture-in-picture; web-share\" referrerpolicy=\"strict-origin-when-cross-origin\" allowfullscreen><\/iframe><\/p>\n","protected":false},"excerpt":{"rendered":"<p>\u201cM\u00eb erdh\u00ebn n\u00eb zyr\u00eb, ma than\u00eb tro\u00e7\u201d, Rama \u00e7on drejt prangave Belinda Ballukun? Nj\u00eb deklarat\u00eb q\u00eb po trazon prapasken\u00ebn politike: \u201cM\u00eb erdh\u00ebn n\u00eb zyr\u00eb, ma than\u00eb tro\u00e7\u201d. A po p\u00ebrgatitet nj\u00eb goditje e fort\u00eb ndaj Belinda Ballukut? Burime brenda korridoreve t\u00eb pushtetit flasin p\u00ebr nj\u00eb skenar q\u00eb mund t\u00eb \u00e7oj\u00eb drejt prangave nj\u00eb nga figurat&#8230;<\/p>\n<p class=\"more-link-wrap\"><a href=\"https:\/\/factznews.com\/?p=4894\" class=\"more-link\">Read More<span class=\"screen-reader-text\"> &ldquo;\u201cM\u00eb erdh\u00ebn n\u00eb zyr\u00eb, ma than\u00eb tro\u00e7\u201d, Rama \u00e7on drejt prangave Belinda Ballukun?&rdquo;<\/span> &raquo;<\/a><\/p>\n","protected":false},"author":1,"featured_media":4895,"comment_status":"open","ping_status":"open","sticky":false,"template":"","format":"standard","meta":{"footnotes":""},"categories":[5],"tags":[],"class_list":["post-4894","post","type-post","status-publish","format-standard","has-post-thumbnail","hentry","category-news"],"_links":{"self":[{"href":"https:\/\/factznews.com\/index.php?rest_route=\/wp\/v2\/posts\/4894","targetHints":{"allow":["GET"]}}],"collection":[{"href":"https:\/\/factznews.com\/index.php?rest_route=\/wp\/v2\/posts"}],"about":[{"href":"https:\/\/factznews.com\/index.php?rest_route=\/wp\/v2\/types\/post"}],"author":[{"embeddable":true,"href":"https:\/\/factznews.com\/index.php?rest_route=\/wp\/v2\/users\/1"}],"replies":[{"embeddable":true,"href":"https:\/\/factznews.com\/index.php?rest_route=%2Fwp%2Fv2%2Fcomments&post=4894"}],"version-history":[{"count":1,"href":"https:\/\/factznews.com\/index.php?rest_route=\/wp\/v2\/posts\/4894\/revisions"}],"predecessor-version":[{"id":4896,"href":"https:\/\/factznews.com\/index.php?rest_route=\/wp\/v2\/posts\/4894\/revisions\/4896"}],"wp:featuredmedia":[{"embeddable":true,"href":"https:\/\/factznews.com\/index.php?rest_route=\/wp\/v2\/media\/4895"}],"wp:attachment":[{"href":"https:\/\/factznews.com\/index.php?rest_route=%2Fwp%2Fv2%2Fmedia&parent=4894"}],"wp:term":[{"taxonomy":"category","embeddable":true,"href":"https:\/\/factznews.com\/index.php?rest_route=%2Fwp%2Fv2%2Fcategories&post=4894"},{"taxonomy":"post_tag","embeddable":true,"href":"https:\/\/factznews.com\/index.php?rest_route=%2Fwp%2Fv2%2Ftags&post=4894"}],"curies":[{"name":"wp","href":"https:\/\/api.w.org\/{rel}","templated":true}]}}