{"id":4897,"date":"2026-02-26T14:14:07","date_gmt":"2026-02-26T14:14:07","guid":{"rendered":"https:\/\/factznews.com\/?p=4897"},"modified":"2026-02-26T14:14:07","modified_gmt":"2026-02-26T14:14:07","slug":"tronditese-dy-figurat-e-rames-qe-e-pesojne-pas-ballukut-spak-gati-prangat-avokati-zbulon-gjithcka","status":"publish","type":"post","link":"https:\/\/factznews.com\/?p=4897","title":{"rendered":"Trondit\u00ebse! Dy figurat e Ram\u00ebs q\u00eb e p\u00ebsojn\u00eb pas Ballukut? SPAK gati prangat? Avokati zbulon gjith\u00e7ka."},"content":{"rendered":"<p>Trondit\u00ebse! Dy figurat e Ram\u00ebs q\u00eb e p\u00ebsojn\u00eb pas Ballukut? SPAK gati prangat? Avokati zbulon gjith\u00e7ka.<br \/>\nDeklarata e fundit e avokatit Gylsen Zhllima ka ndezur debat t\u00eb fort\u00eb n\u00eb opinionin publik dhe n\u00eb sken\u00ebn politike.<\/p>\n<p>Duke folur p\u00ebr Vip Magazine, ai ka hedhur drit\u00eb mbi zhvillime q\u00eb, sipas tij, mund t\u00eb sjellin goditje t\u00eb forta n\u00eb rrethin e ngusht\u00eb t\u00eb pushtetit. Pas zhurm\u00ebs s\u00eb madhe rreth \u00e7\u00ebshtjes Balluku, Zhllima pretendon se dy figura t\u00eb r\u00ebnd\u00ebsishme pran\u00eb kryeministrit Edi Rama mund t\u00eb jen\u00eb n\u00eb sh\u00ebnjest\u00ebr t\u00eb hetimeve t\u00eb radh\u00ebs.<\/p>\n<p>Sipas deklaratave t\u00eb tij, SPAK pritet t\u00eb nd\u00ebrmarr\u00eb hapa vendimtar\u00eb q\u00eb mund t\u00eb ndryshojn\u00eb balancat politike dhe t\u00eb hapin nj\u00eb kapitull t\u00eb ri p\u00ebr drejt\u00ebsin\u00eb n\u00eb vend.<\/p>\n<p>Nd\u00ebrkoh\u00eb q\u00eb emrat dhe detajet po mbeten n\u00eb qend\u00ebr t\u00eb spekulimeve dhe debatit publik, mbetet p\u00ebr t\u2019u par\u00eb n\u00ebse k\u00ebto pretendime do t\u00eb shoq\u00ebrohen me veprime konkrete nga organet e drejt\u00ebsis\u00eb, apo n\u00ebse b\u00ebhet fjal\u00eb p\u00ebr nj\u00eb tjet\u00ebr stuhi politike q\u00eb po trondit sken\u00ebn shqiptare.<\/p>\n<p>VIDEO K\u00cbTU:<\/p>\n","protected":false},"excerpt":{"rendered":"<p>Trondit\u00ebse! Dy figurat e Ram\u00ebs q\u00eb e p\u00ebsojn\u00eb pas Ballukut? SPAK gati prangat? Avokati zbulon gjith\u00e7ka. Deklarata e fundit e avokatit Gylsen Zhllima ka ndezur debat t\u00eb fort\u00eb n\u00eb opinionin publik dhe n\u00eb sken\u00ebn politike. Duke folur p\u00ebr Vip Magazine, ai ka hedhur drit\u00eb mbi zhvillime q\u00eb, sipas tij, mund t\u00eb sjellin goditje t\u00eb forta&#8230;<\/p>\n<p class=\"more-link-wrap\"><a href=\"https:\/\/factznews.com\/?p=4897\" class=\"more-link\">Read More<span class=\"screen-reader-text\"> &ldquo;Trondit\u00ebse! Dy figurat e Ram\u00ebs q\u00eb e p\u00ebsojn\u00eb pas Ballukut? SPAK gati prangat? Avokati zbulon gjith\u00e7ka.&rdquo;<\/span> &raquo;<\/a><\/p>\n","protected":false},"author":1,"featured_media":4898,"comment_status":"open","ping_status":"open","sticky":false,"template":"","format":"standard","meta":{"footnotes":""},"categories":[5],"tags":[],"class_list":["post-4897","post","type-post","status-publish","format-standard","has-post-thumbnail","hentry","category-news"],"_links":{"self":[{"href":"https:\/\/factznews.com\/index.php?rest_route=\/wp\/v2\/posts\/4897","targetHints":{"allow":["GET"]}}],"collection":[{"href":"https:\/\/factznews.com\/index.php?rest_route=\/wp\/v2\/posts"}],"about":[{"href":"https:\/\/factznews.com\/index.php?rest_route=\/wp\/v2\/types\/post"}],"author":[{"embeddable":true,"href":"https:\/\/factznews.com\/index.php?rest_route=\/wp\/v2\/users\/1"}],"replies":[{"embeddable":true,"href":"https:\/\/factznews.com\/index.php?rest_route=%2Fwp%2Fv2%2Fcomments&post=4897"}],"version-history":[{"count":1,"href":"https:\/\/factznews.com\/index.php?rest_route=\/wp\/v2\/posts\/4897\/revisions"}],"predecessor-version":[{"id":4899,"href":"https:\/\/factznews.com\/index.php?rest_route=\/wp\/v2\/posts\/4897\/revisions\/4899"}],"wp:featuredmedia":[{"embeddable":true,"href":"https:\/\/factznews.com\/index.php?rest_route=\/wp\/v2\/media\/4898"}],"wp:attachment":[{"href":"https:\/\/factznews.com\/index.php?rest_route=%2Fwp%2Fv2%2Fmedia&parent=4897"}],"wp:term":[{"taxonomy":"category","embeddable":true,"href":"https:\/\/factznews.com\/index.php?rest_route=%2Fwp%2Fv2%2Fcategories&post=4897"},{"taxonomy":"post_tag","embeddable":true,"href":"https:\/\/factznews.com\/index.php?rest_route=%2Fwp%2Fv2%2Ftags&post=4897"}],"curies":[{"name":"wp","href":"https:\/\/api.w.org\/{rel}","templated":true}]}}