{"id":4900,"date":"2026-02-26T14:17:07","date_gmt":"2026-02-26T14:17:07","guid":{"rendered":"https:\/\/factznews.com\/?p=4900"},"modified":"2026-02-26T14:17:07","modified_gmt":"2026-02-26T14:17:07","slug":"e-dhimbshme-ndahet-nga-jeta-instrumentisti-i-njohur-shqiptar","status":"publish","type":"post","link":"https:\/\/factznews.com\/?p=4900","title":{"rendered":"E DHIMBSHME! Ndahet nga jeta instrumentisti i njohur shqiptar"},"content":{"rendered":"<p>\u00cbsht\u00eb ndar\u00eb nga jeta m\u00ebngjesin e djesh\u00ebm instrumentisti i njohur fierak, Xhevit Metani, nj\u00eb nga figurat m\u00eb t\u00eb dashura dhe t\u00eb respektuara jo vet\u00ebm p\u00ebr komunitetin rom, por p\u00ebr mbar\u00eb qytetin e Fierit.<\/p>\n<p>Ai ishte nj\u00eb em\u00ebr q\u00eb rrihte n\u00eb nj\u00eb me ritmin e zemr\u00ebs s\u00eb Myzeqes\u00eb. Me talentin dhe p\u00ebrkushtimin e tij, dha nj\u00eb kontribut t\u00eb \u00e7muar n\u00eb dhjet\u00ebra festivale, aktivitete artistike, dasma dhe g\u00ebzime familjare, duke u b\u00ebr\u00eb pjes\u00eb e pandar\u00eb e jet\u00ebs kulturore t\u00eb zon\u00ebs. Me defin n\u00eb duar, ai nuk luante thjesht muzik\u00eb, por p\u00ebrcillte histori, identitet dhe krenari n\u00eb folkun myzeqar.<\/p>\n<p>Q\u00eb prej fillimit t\u00eb viteve \u201970, ai do t\u00eb ishte pjes\u00eb i pandar\u00eb i Ansamblit \u201cMyzeqeja\u201d, ku debutoi si instrumentist i defit dhe vijoi rrug\u00ebtimin e tij artistik deri n\u00eb vitin 2005. Nj\u00eb virtuoz i v\u00ebrtet\u00eb, mjesht\u00ebr i paimituesh\u00ebm n\u00eb plastik\u00ebn dhe energjin\u00eb skenike, ai e shnd\u00ebrroi defin n\u00eb nj\u00eb shpirt t\u00eb gjall\u00eb myzeqar.N\u00eb \u00e7do festival folklorik, Xhevit Metani hapte programin artistik t\u00eb Fierit me nj\u00eb pjes\u00eb solo n\u00eb def \u2013 nj\u00eb moment q\u00eb tashm\u00eb mbetet kujtim i paharruar p\u00ebr publikun.<\/p>\n<p>Ikja e tij preku thell\u00eb zemrat e fierak\u00ebve dhe t\u00eb gjith\u00eb atyre q\u00eb pat\u00ebn fatin ta njohin. P\u00ebr ndarjen e tij nga jeta ka reaguar edhe Drejtoria e Artit, Kultur\u00ebs dhe Turizmit, duke shprehur ngush\u00ebllimet m\u00eb t\u00eb sinqerta p\u00ebr familjen dhe t\u00eb af\u00ebrmit.<\/p>\n<p>Ceremonia e p\u00ebrcjelljes p\u00ebr n\u00eb banes\u00ebn e fundit do t\u00eb zhvillohet sot, n\u00eb or\u00ebn 13:00.<\/p>\n<p><iframe loading=\"lazy\" src=\"https:\/\/www.facebook.com\/plugins\/video.php?href=https%3A%2F%2Fwww.facebook.com%2Freel%2F1931683720790667%2F&#038;show_text=0&#038;width=560\" width=\"560\" height=\"420\" style=\"border:none;overflow:hidden\" scrolling=\"no\" frameborder=\"0\" allowfullscreen=\"true\" allow=\"autoplay; clipboard-write; encrypted-media; picture-in-picture; web-share\" allowFullScreen=\"true\"><\/iframe><\/p>\n","protected":false},"excerpt":{"rendered":"<p>\u00cbsht\u00eb ndar\u00eb nga jeta m\u00ebngjesin e djesh\u00ebm instrumentisti i njohur fierak, Xhevit Metani, nj\u00eb nga figurat m\u00eb t\u00eb dashura dhe t\u00eb respektuara jo vet\u00ebm p\u00ebr komunitetin rom, por p\u00ebr mbar\u00eb qytetin e Fierit. Ai ishte nj\u00eb em\u00ebr q\u00eb rrihte n\u00eb nj\u00eb me ritmin e zemr\u00ebs s\u00eb Myzeqes\u00eb. Me talentin dhe p\u00ebrkushtimin e tij, dha nj\u00eb&#8230;<\/p>\n<p class=\"more-link-wrap\"><a href=\"https:\/\/factznews.com\/?p=4900\" class=\"more-link\">Read More<span class=\"screen-reader-text\"> &ldquo;E DHIMBSHME! Ndahet nga jeta instrumentisti i njohur shqiptar&rdquo;<\/span> &raquo;<\/a><\/p>\n","protected":false},"author":1,"featured_media":4901,"comment_status":"open","ping_status":"open","sticky":false,"template":"","format":"standard","meta":{"footnotes":""},"categories":[5],"tags":[],"class_list":["post-4900","post","type-post","status-publish","format-standard","has-post-thumbnail","hentry","category-news"],"_links":{"self":[{"href":"https:\/\/factznews.com\/index.php?rest_route=\/wp\/v2\/posts\/4900","targetHints":{"allow":["GET"]}}],"collection":[{"href":"https:\/\/factznews.com\/index.php?rest_route=\/wp\/v2\/posts"}],"about":[{"href":"https:\/\/factznews.com\/index.php?rest_route=\/wp\/v2\/types\/post"}],"author":[{"embeddable":true,"href":"https:\/\/factznews.com\/index.php?rest_route=\/wp\/v2\/users\/1"}],"replies":[{"embeddable":true,"href":"https:\/\/factznews.com\/index.php?rest_route=%2Fwp%2Fv2%2Fcomments&post=4900"}],"version-history":[{"count":1,"href":"https:\/\/factznews.com\/index.php?rest_route=\/wp\/v2\/posts\/4900\/revisions"}],"predecessor-version":[{"id":4902,"href":"https:\/\/factznews.com\/index.php?rest_route=\/wp\/v2\/posts\/4900\/revisions\/4902"}],"wp:featuredmedia":[{"embeddable":true,"href":"https:\/\/factznews.com\/index.php?rest_route=\/wp\/v2\/media\/4901"}],"wp:attachment":[{"href":"https:\/\/factznews.com\/index.php?rest_route=%2Fwp%2Fv2%2Fmedia&parent=4900"}],"wp:term":[{"taxonomy":"category","embeddable":true,"href":"https:\/\/factznews.com\/index.php?rest_route=%2Fwp%2Fv2%2Fcategories&post=4900"},{"taxonomy":"post_tag","embeddable":true,"href":"https:\/\/factznews.com\/index.php?rest_route=%2Fwp%2Fv2%2Ftags&post=4900"}],"curies":[{"name":"wp","href":"https:\/\/api.w.org\/{rel}","templated":true}]}}