{"id":4903,"date":"2026-02-26T14:20:20","date_gmt":"2026-02-26T14:20:20","guid":{"rendered":"https:\/\/factznews.com\/?p=4903"},"modified":"2026-02-26T14:20:20","modified_gmt":"2026-02-26T14:20:20","slug":"bes-kallaku-i-vendos-kapakun-cdo-gjeje-bene-deklaraten-e-forte-per-xhensilen","status":"publish","type":"post","link":"https:\/\/factznews.com\/?p=4903","title":{"rendered":"Bes Kallaku i VENDOS KAPAKUN cdo gj\u00ebje, b\u00ebn\u00eb DEKLARATEN E FORTE p\u00ebr Xhensil\u00ebn!"},"content":{"rendered":"<p>Pas zhurm\u00ebs s\u00eb madhe mediatike q\u00eb shkaktoi projekti i tij m\u00eb i fundit muzikor, \u201cRr\u00ebfim\u201d, Bes Kallaku ka vendosur t\u00eb b\u00ebj\u00eb nj\u00eb reagim t\u00eb gjat\u00eb dhe shum\u00eb t\u00eb ndjer\u00eb publik.<\/p>\n<p>P\u00ebrmes nj\u00eb postimi n\u00eb llogarin\u00eb e tij, ai ka fal\u00ebnderuar mb\u00ebshtet\u00ebsit dhe ka folur hapur p\u00ebr jet\u00ebn e tij personale, duke konfirmuar at\u00eb q\u00eb u aludua n\u00eb vargjet e k\u00ebng\u00ebs.<\/p>\n<p>Besi e ka nisur mesazhin duke theksuar se ky \u00ebsht\u00eb projekti i tij m\u00eb i bukur, pasi aty nuk \u00ebsht\u00eb as aktori e as k\u00ebng\u00ebtari q\u00eb publiku njeh, por thjesht ai vet\u00eb.<\/p>\n<p>\u201cPa maska. Pa skenar. Vet\u00ebm un\u00eb dhe e v\u00ebrteta ime,\u201d \u2013 shkruan ai, duke vler\u00ebsuar publikun q\u00eb zgjodhi ta d\u00ebgjonte dhe mb\u00ebshteste.<\/p>\n<p>Fjal\u00ebt e tij ishin t\u00eb forta dhe dometh\u00ebn\u00ebse: \u201c\u2026kapitull nga i cili mu desh koh\u00eb t\u00eb kuptoja, sa i fituar dola.\u201d.<\/p>\n<p>N\u00eb k\u00ebt\u00eb mesazh, aktori nuk ka l\u00ebn\u00eb pa p\u00ebrmendur mb\u00ebshtetjen e tij m\u00eb t\u00eb madhe, motr\u00ebn Ana Kallaku, duke e quajtur bekimin m\u00eb t\u00eb madh dhe \u201cdiellin n\u00eb dit\u00ebt e tij gri\u201d.<\/p>\n<p>Por ajo q\u00eb vulosi gjith\u00e7ka ishte mbyllja e postimit. Besi ka konfirmuar zyrtarisht dhe hapur se n\u00eb jet\u00ebn e tij ka nj\u00eb partnere t\u00eb re.<br \/>\nAi i ka dedikuar rreshtat e fundit \u201cnjeriut t\u00eb zemr\u00ebs\u201d, duke e p\u00ebrshkruar si \u201ctr\u00ebndafilin tim n\u00eb koh\u00eb lufte, q\u00eb m\u00eb ktheu paqen, buz\u00ebqeshjen, shk\u00eblqimin e syve\u2026 dhe versionin m\u00eb t\u00eb mir\u00eb t\u00eb vetes sime.\u201d.<\/p>\n<p>Me k\u00ebt\u00eb deklarat\u00eb, Bes Kallaku i ka v\u00ebn\u00eb kapakun s\u00eb shkuar\u00ebs, duke treguar se tashm\u00eb po shijon nj\u00eb kapitull t\u00eb ri, t\u00eb mbushur me dashuri dhe paqe.<\/p>\n","protected":false},"excerpt":{"rendered":"<p>Pas zhurm\u00ebs s\u00eb madhe mediatike q\u00eb shkaktoi projekti i tij m\u00eb i fundit muzikor, \u201cRr\u00ebfim\u201d, Bes Kallaku ka vendosur t\u00eb b\u00ebj\u00eb nj\u00eb reagim t\u00eb gjat\u00eb dhe shum\u00eb t\u00eb ndjer\u00eb publik. P\u00ebrmes nj\u00eb postimi n\u00eb llogarin\u00eb e tij, ai ka fal\u00ebnderuar mb\u00ebshtet\u00ebsit dhe ka folur hapur p\u00ebr jet\u00ebn e tij personale, duke konfirmuar at\u00eb q\u00eb u&#8230;<\/p>\n<p class=\"more-link-wrap\"><a href=\"https:\/\/factznews.com\/?p=4903\" class=\"more-link\">Read More<span class=\"screen-reader-text\"> &ldquo;Bes Kallaku i VENDOS KAPAKUN cdo gj\u00ebje, b\u00ebn\u00eb DEKLARATEN E FORTE p\u00ebr Xhensil\u00ebn!&rdquo;<\/span> &raquo;<\/a><\/p>\n","protected":false},"author":1,"featured_media":4904,"comment_status":"open","ping_status":"open","sticky":false,"template":"","format":"standard","meta":{"footnotes":""},"categories":[5],"tags":[],"class_list":["post-4903","post","type-post","status-publish","format-standard","has-post-thumbnail","hentry","category-news"],"_links":{"self":[{"href":"https:\/\/factznews.com\/index.php?rest_route=\/wp\/v2\/posts\/4903","targetHints":{"allow":["GET"]}}],"collection":[{"href":"https:\/\/factznews.com\/index.php?rest_route=\/wp\/v2\/posts"}],"about":[{"href":"https:\/\/factznews.com\/index.php?rest_route=\/wp\/v2\/types\/post"}],"author":[{"embeddable":true,"href":"https:\/\/factznews.com\/index.php?rest_route=\/wp\/v2\/users\/1"}],"replies":[{"embeddable":true,"href":"https:\/\/factznews.com\/index.php?rest_route=%2Fwp%2Fv2%2Fcomments&post=4903"}],"version-history":[{"count":1,"href":"https:\/\/factznews.com\/index.php?rest_route=\/wp\/v2\/posts\/4903\/revisions"}],"predecessor-version":[{"id":4905,"href":"https:\/\/factznews.com\/index.php?rest_route=\/wp\/v2\/posts\/4903\/revisions\/4905"}],"wp:featuredmedia":[{"embeddable":true,"href":"https:\/\/factznews.com\/index.php?rest_route=\/wp\/v2\/media\/4904"}],"wp:attachment":[{"href":"https:\/\/factznews.com\/index.php?rest_route=%2Fwp%2Fv2%2Fmedia&parent=4903"}],"wp:term":[{"taxonomy":"category","embeddable":true,"href":"https:\/\/factznews.com\/index.php?rest_route=%2Fwp%2Fv2%2Fcategories&post=4903"},{"taxonomy":"post_tag","embeddable":true,"href":"https:\/\/factznews.com\/index.php?rest_route=%2Fwp%2Fv2%2Ftags&post=4903"}],"curies":[{"name":"wp","href":"https:\/\/api.w.org\/{rel}","templated":true}]}}