{"id":4912,"date":"2026-02-26T14:31:03","date_gmt":"2026-02-26T14:31:03","guid":{"rendered":"https:\/\/factznews.com\/?p=4912"},"modified":"2026-02-26T14:31:03","modified_gmt":"2026-02-26T14:31:03","slug":"a-do-e-dorezoje-ps-ballukun-rama-ben-deklaraten-e-forte-qe-i-trondit-te-gjithe","status":"publish","type":"post","link":"https:\/\/factznews.com\/?p=4912","title":{"rendered":"A do e dorezoje PS Ballukun? Rama ben deklaraten e forte qe i trondit te gjithe"},"content":{"rendered":"<p>Kryesocialisti Edi Rama po drejton sot mbledhjen e Grupit Parlamentar ku pritet t\u00eb vendoset q\u00ebndrimi p\u00ebrfundimtar i mazhoranc\u00ebs p\u00ebr k\u00ebrkes\u00ebn e SPAK drejtuar Kuvendit p\u00ebr marrjen e autorizimit p\u00ebr arrestimin e Belinda Ballukut.<\/p>\n<p>Mbledhja ka nisur n\u00eb or\u00ebn 11:00 dhe po mbahet n\u00eb Pallatin e Brigadave.<\/p>\n<p>11:51 \u201cI marrin n\u00eb Prokurori dhe u b\u00ebjn\u00eb presion t\u00eb pranojn\u00eb faje q\u00eb s\u2019i kan\u00eb\u201d, Rama: \u00c7\u2019\u00ebsht\u00eb ky hall? U kontrollohet sht\u00ebpia nat\u00ebn e Vitit t\u00eb Ri<\/p>\n<p>Me kritika i \u00ebsht\u00eb drejtuar kryeministri Edi Rama institucioneve t\u00eb drejt\u00ebsis\u00eb nga mbledhja e sotme e Grupit Parlamentar i PS, duke folur p\u00ebr hetimet e punonj\u00ebsve t\u00eb administrat\u00ebs.<\/p>\n<p>Ai tha se duhet t\u00eb respektohet prezumimi i pafaj\u00ebsis\u00eb dhe se nuk mund t\u00eb thirren t\u00eb dyshuarit n\u00eb Prokurori dhe t\u00eb mbahen me or\u00eb t\u00eb t\u00ebra, n\u00eb orare pune, teksa shtoi se u b\u00ebhet presion q\u00eb t\u00eb pranojn\u00eb faje q\u00eb nuk i kan\u00eb.<\/p>\n<p>11:39 \u201cPezullimi i ministrit me vendim pa gjyq, nd\u00ebrhyrje brutale\u201d, Rama: Nuk ka ndodhur n\u00eb historin\u00eb e bot\u00ebs<\/p>\n<p>Sipas kryeministrit Edi Rama, pezullimi i ministrit me vendim pa gjyq \u00ebsht\u00eb \u2018nd\u00ebrhyrje brutale\u2019. Ai shtoi se nj\u00eb gj\u00eb e till\u00eb nuk ka ndodhur n\u00eb historin\u00eb e bot\u00ebs.<\/p>\n<p>11:27 \u201cN\u00eb rastin m\u00eb t\u00eb keq duhet t\u00eb hetohen n\u00eb gjendje t\u00eb lir\u00eb\u201d, Rama p\u00ebr vendimet e gjyq\u00ebsorit: Nd\u00ebrhyrje e pajustifikueshme n\u00eb pushtetin ekzekutiv<\/p>\n<p>Kryeministri Edi Rama duke folur sot n\u00eb mbledhjen e grupit parlamentar t\u00eb PS, u shpreh se do t\u00eb ndalet te veprimet dhe vendimet e sistemit t\u00eb drejt\u00ebsis\u00eb vet\u00ebm \u201cnj\u00eb nga nj\u00ebmij\u00eb gj\u00ebra q\u00eb ka p\u00ebr t\u00eb th\u00ebn\u00eb\u201d.<\/p>\n<p>Ai tha se ka pasur nd\u00ebrhyrje t\u00eb pajustifikueshme dhe panevojshme t\u00eb gjyq\u00ebsorit n\u00eb ekzekutiv, teksa shtoi se jan\u00eb l\u00ebshuar nj\u00eb mori flet\u00ebarrestesh, q\u00eb n\u00eb rastin m\u00eb t\u00eb mir\u00eb sipas tij nuk jan\u00eb vepra penale, e n\u00eb rastin m\u00eb t\u00eb keq duhet t\u00eb hetohen n\u00eb gjendje t\u00eb lir\u00eb.<\/p>\n<p>11:20 \u201c\u00c7do hap i ri vjen me nj\u00eb sfid\u00eb m\u00eb komplekse\u201d, Rama n\u00eb mbledhjen e grupit t\u00eb PS: Shqip\u00ebria n\u00eb BE, busull e pagabueshme<\/p>\n<p>Gjat\u00eb fjal\u00ebs s\u00eb tij n\u00eb mbledhjen e grupit t\u00eb PS, kryeministri Edi Rama tha se objektivi i Shqip\u00ebris\u00eb n\u00eb Bashkimin Europian \u00ebsht\u00eb nj\u00eb busull e pagabueshme.<\/p>\n<p>11:16 Mbledhja e grupit parlamentar t\u00eb PS, Rama: Jemi n\u00eb nj\u00eb udh\u00ebkryq t\u00eb ri, duhet ta kalojm\u00eb k\u00ebt\u00eb test dhe t\u00eb vazhdojm\u00eb rrug\u00ebn drejt BE<\/p>\n<p>N\u00eb nisje t\u00eb mbledhjes numri nj\u00eb i PS, tha se n\u00eb k\u00ebto momente \u201cndodhemi n\u00eb nj\u00eb udh\u00ebkryq q\u00eb paraqet rreziqe\u201d.<\/p>\n<p>Sipas Ram\u00ebs risku lidhen me mund\u00ebsin\u00eb q\u00eb vendi t\u00eb b\u00ebj\u00eb vendnum\u00ebro duke humbur koh\u00eb dhe mund\u00ebsi p\u00ebr t\u00eb arritur q\u00ebllimin p\u00ebr t\u2019u b\u00ebr\u00eb pjes\u00eb e BE n\u00eb 2030, por shtoi se \u00ebsht\u00eb besimplot\u00eb q\u00eb ky test do t\u00eb kaloj\u00eb.<\/p>\n","protected":false},"excerpt":{"rendered":"<p>Kryesocialisti Edi Rama po drejton sot mbledhjen e Grupit Parlamentar ku pritet t\u00eb vendoset q\u00ebndrimi p\u00ebrfundimtar i mazhoranc\u00ebs p\u00ebr k\u00ebrkes\u00ebn e SPAK drejtuar Kuvendit p\u00ebr marrjen e autorizimit p\u00ebr arrestimin e Belinda Ballukut. Mbledhja ka nisur n\u00eb or\u00ebn 11:00 dhe po mbahet n\u00eb Pallatin e Brigadave. 11:51 \u201cI marrin n\u00eb Prokurori dhe u b\u00ebjn\u00eb presion&#8230;<\/p>\n<p class=\"more-link-wrap\"><a href=\"https:\/\/factznews.com\/?p=4912\" class=\"more-link\">Read More<span class=\"screen-reader-text\"> &ldquo;A do e dorezoje PS Ballukun? Rama ben deklaraten e forte qe i trondit te gjithe&rdquo;<\/span> &raquo;<\/a><\/p>\n","protected":false},"author":1,"featured_media":4913,"comment_status":"open","ping_status":"open","sticky":false,"template":"","format":"standard","meta":{"footnotes":""},"categories":[5],"tags":[],"class_list":["post-4912","post","type-post","status-publish","format-standard","has-post-thumbnail","hentry","category-news"],"_links":{"self":[{"href":"https:\/\/factznews.com\/index.php?rest_route=\/wp\/v2\/posts\/4912","targetHints":{"allow":["GET"]}}],"collection":[{"href":"https:\/\/factznews.com\/index.php?rest_route=\/wp\/v2\/posts"}],"about":[{"href":"https:\/\/factznews.com\/index.php?rest_route=\/wp\/v2\/types\/post"}],"author":[{"embeddable":true,"href":"https:\/\/factznews.com\/index.php?rest_route=\/wp\/v2\/users\/1"}],"replies":[{"embeddable":true,"href":"https:\/\/factznews.com\/index.php?rest_route=%2Fwp%2Fv2%2Fcomments&post=4912"}],"version-history":[{"count":1,"href":"https:\/\/factznews.com\/index.php?rest_route=\/wp\/v2\/posts\/4912\/revisions"}],"predecessor-version":[{"id":4914,"href":"https:\/\/factznews.com\/index.php?rest_route=\/wp\/v2\/posts\/4912\/revisions\/4914"}],"wp:featuredmedia":[{"embeddable":true,"href":"https:\/\/factznews.com\/index.php?rest_route=\/wp\/v2\/media\/4913"}],"wp:attachment":[{"href":"https:\/\/factznews.com\/index.php?rest_route=%2Fwp%2Fv2%2Fmedia&parent=4912"}],"wp:term":[{"taxonomy":"category","embeddable":true,"href":"https:\/\/factznews.com\/index.php?rest_route=%2Fwp%2Fv2%2Fcategories&post=4912"},{"taxonomy":"post_tag","embeddable":true,"href":"https:\/\/factznews.com\/index.php?rest_route=%2Fwp%2Fv2%2Ftags&post=4912"}],"curies":[{"name":"wp","href":"https:\/\/api.w.org\/{rel}","templated":true}]}}