{"id":4915,"date":"2026-02-26T14:35:02","date_gmt":"2026-02-26T14:35:02","guid":{"rendered":"https:\/\/factznews.com\/?p=4915"},"modified":"2026-02-26T14:35:02","modified_gmt":"2026-02-26T14:35:02","slug":"tronditje-ne-hage-vendimi-qe-mund-te-ndryshoje-fatin-e-ish-krereve-te-uck-se-eshte-zbuluar-2","status":"publish","type":"post","link":"https:\/\/factznews.com\/?p=4915","title":{"rendered":"Tronditje n\u00eb Hag\u00eb: Vendimi q\u00eb mund t\u00eb ndryshoj\u00eb fatin e ish-krer\u00ebve t\u00eb U\u00c7K-s\u00eb \u00ebsht\u00eb zbuluar!"},"content":{"rendered":"<p>Dhomat e Specializuara n\u00eb Hag\u00eb kan\u00eb refuzuar s\u00ebrish k\u00ebrkesat p\u00ebr lirim t\u00eb p\u00ebrkohsh\u00ebm t\u00eb ish-krer\u00ebve t\u00eb Ushtris\u00eb \u00c7lirimtare t\u00eb Kosov\u00ebs, duke ua vazhduar mas\u00ebn e paraburgimit edhe p\u00ebr nga dy muaj t\u00eb tjer\u00eb.<\/p>\n<p>Pas vendimit p\u00ebr Jakup Krasniqin, i nj\u00ebjti trajtim \u00ebsht\u00eb aplikuar edhe ndaj Kadri Veselit dhe Rexhep Selimit. Nd\u00ebrkoh\u00eb, paraburgimi \u00ebsht\u00eb vazhduar edhe p\u00ebr ish-presidentin Hashim Tha\u00e7i, i cili k\u00ebt\u00eb her\u00eb nuk ka paraqitur k\u00ebrkes\u00eb p\u00ebr lirim t\u00eb p\u00ebrkohsh\u00ebm.<\/p>\n<p>Sipas Trupit Gjykues, vendimi \u00ebsht\u00eb marr\u00eb p\u00ebr shkak t\u00eb shqet\u00ebsimeve lidhur me rrezikun e mundsh\u00ebm t\u00eb pengimit t\u00eb drejt\u00ebsis\u00eb dhe ndikimit mbi d\u00ebshmitar\u00ebt, edhe pse nuk \u00ebsht\u00eb konstatuar rrezik i arratisjes.<\/p>\n<p>N\u00eb arsyetimin e gjykat\u00ebs thuhet se, p\u00ebr shkak t\u00eb roleve dhe pozitave t\u00eb m\u00ebparshme publike, t\u00eb pandehurit mund t\u00eb ken\u00eb ende ndikim q\u00eb mund t\u00eb cenoj\u00eb zhvillimin e rregullt t\u00eb procesit gjyq\u00ebsor.<\/p>\n<p>Avokati mbrojt\u00ebs Ardian Bajraktari e ka cil\u00ebsuar k\u00ebt\u00eb vendim si t\u00eb padrejt\u00eb dhe t\u00eb pamb\u00ebshtetur n\u00eb ligj. Ai ka deklaruar se jan\u00eb p\u00ebrmbushur t\u00eb gjitha kushtet ligjore p\u00ebr z\u00ebvend\u00ebsimin e paraburgimit me masa m\u00eb t\u00eb lehta.<\/p>\n<p>Sipas tij, ish-krer\u00ebt e U\u00c7K-s\u00eb kan\u00eb treguar bashk\u00ebpunim t\u00eb plot\u00eb me Dhomat e Specializuara dhe i jan\u00eb p\u00ebrgjigjur \u00e7do ftese t\u00eb autoriteteve gjyq\u00ebsore.<\/p>\n<p>Digital media content and online news are widely searched topics worldwide.<br \/>\nBajraktari ka theksuar gjithashtu se d\u00ebgjimi i d\u00ebshmitar\u00ebve t\u00eb Prokuroris\u00eb ka p\u00ebrfunduar, \u00e7ka sipas tij e zvog\u00eblon ndjesh\u00ebm \u00e7do rrezik p\u00ebr nd\u00ebrhyrje n\u00eb proces.<\/p>\n<p>Ai ka komentuar edhe marr\u00ebveshjen e fundit t\u00eb Dhomave t\u00eb Specializuara me Belgjik\u00ebn p\u00ebr mbajtjen e t\u00eb d\u00ebnuarve, duke theksuar se kjo p\u00ebrb\u00ebn nj\u00eb praktik\u00eb t\u00eb zakonshme dhe t\u00eb parapar\u00eb me ligj.<\/p>\n<p>N\u00eb k\u00ebt\u00eb kontekst, ai ka p\u00ebrmendur Nenin 50 t\u00eb Ligjit p\u00ebr Dhomat e Specializuara, i cili lejon n\u00ebnshkrimin e marr\u00ebveshjeve me shtete t\u00eb treta p\u00ebr pranimin e personave t\u00eb d\u00ebnuar.<\/p>\n<p>Mbrojtja e Kadri Veselit kishte propozuar nj\u00eb s\u00ebr\u00eb masash alternative sigurie, p\u00ebrfshir\u00eb dor\u00ebzimin e dokumenteve t\u00eb udh\u00ebtimit, mbik\u00ebqyrje nga Policia e Kosov\u00ebs dhe kufizim t\u00eb kontakteve t\u00eb paautorizuara.<\/p>\n<p>Megjithat\u00eb, Gjykata ka vler\u00ebsuar se, pavar\u00ebsisht p\u00ebrmir\u00ebsimit t\u00eb kapaciteteve institucionale n\u00eb Kosov\u00eb, k\u00ebto masa nuk jan\u00eb t\u00eb mjaftueshme p\u00ebr t\u00eb garantuar mbrojtjen e d\u00ebshmitar\u00ebve dhe integritetin e procesit gjyq\u00ebsor.<\/p>\n","protected":false},"excerpt":{"rendered":"<p>Dhomat e Specializuara n\u00eb Hag\u00eb kan\u00eb refuzuar s\u00ebrish k\u00ebrkesat p\u00ebr lirim t\u00eb p\u00ebrkohsh\u00ebm t\u00eb ish-krer\u00ebve t\u00eb Ushtris\u00eb \u00c7lirimtare t\u00eb Kosov\u00ebs, duke ua vazhduar mas\u00ebn e paraburgimit edhe p\u00ebr nga dy muaj t\u00eb tjer\u00eb. Pas vendimit p\u00ebr Jakup Krasniqin, i nj\u00ebjti trajtim \u00ebsht\u00eb aplikuar edhe ndaj Kadri Veselit dhe Rexhep Selimit. Nd\u00ebrkoh\u00eb, paraburgimi \u00ebsht\u00eb vazhduar edhe&#8230;<\/p>\n<p class=\"more-link-wrap\"><a href=\"https:\/\/factznews.com\/?p=4915\" class=\"more-link\">Read More<span class=\"screen-reader-text\"> &ldquo;Tronditje n\u00eb Hag\u00eb: Vendimi q\u00eb mund t\u00eb ndryshoj\u00eb fatin e ish-krer\u00ebve t\u00eb U\u00c7K-s\u00eb \u00ebsht\u00eb zbuluar!&rdquo;<\/span> &raquo;<\/a><\/p>\n","protected":false},"author":1,"featured_media":4916,"comment_status":"open","ping_status":"open","sticky":false,"template":"","format":"standard","meta":{"footnotes":""},"categories":[5],"tags":[],"class_list":["post-4915","post","type-post","status-publish","format-standard","has-post-thumbnail","hentry","category-news"],"_links":{"self":[{"href":"https:\/\/factznews.com\/index.php?rest_route=\/wp\/v2\/posts\/4915","targetHints":{"allow":["GET"]}}],"collection":[{"href":"https:\/\/factznews.com\/index.php?rest_route=\/wp\/v2\/posts"}],"about":[{"href":"https:\/\/factznews.com\/index.php?rest_route=\/wp\/v2\/types\/post"}],"author":[{"embeddable":true,"href":"https:\/\/factznews.com\/index.php?rest_route=\/wp\/v2\/users\/1"}],"replies":[{"embeddable":true,"href":"https:\/\/factznews.com\/index.php?rest_route=%2Fwp%2Fv2%2Fcomments&post=4915"}],"version-history":[{"count":1,"href":"https:\/\/factznews.com\/index.php?rest_route=\/wp\/v2\/posts\/4915\/revisions"}],"predecessor-version":[{"id":4917,"href":"https:\/\/factznews.com\/index.php?rest_route=\/wp\/v2\/posts\/4915\/revisions\/4917"}],"wp:featuredmedia":[{"embeddable":true,"href":"https:\/\/factznews.com\/index.php?rest_route=\/wp\/v2\/media\/4916"}],"wp:attachment":[{"href":"https:\/\/factznews.com\/index.php?rest_route=%2Fwp%2Fv2%2Fmedia&parent=4915"}],"wp:term":[{"taxonomy":"category","embeddable":true,"href":"https:\/\/factznews.com\/index.php?rest_route=%2Fwp%2Fv2%2Fcategories&post=4915"},{"taxonomy":"post_tag","embeddable":true,"href":"https:\/\/factznews.com\/index.php?rest_route=%2Fwp%2Fv2%2Ftags&post=4915"}],"curies":[{"name":"wp","href":"https:\/\/api.w.org\/{rel}","templated":true}]}}