{"id":4924,"date":"2026-02-26T23:55:41","date_gmt":"2026-02-26T23:55:41","guid":{"rendered":"https:\/\/factznews.com\/?p=4924"},"modified":"2026-02-26T23:55:41","modified_gmt":"2026-02-26T23:55:41","slug":"termet-ne-qeveri-rama-shkarkon-ballukun-dhe-disa-te-tjere","status":"publish","type":"post","link":"https:\/\/factznews.com\/?p=4924","title":{"rendered":"T\u00ebrmet n\u00eb qeveri, Rama shkarkon Ballukun dhe disa t\u00ea tjer\u00eb"},"content":{"rendered":"<p>Belinda Balluku nuk do jet\u00eb m\u00eb z\u00ebvend\u00ebs kryeministre dhe ministre e Infrastruktur\u00ebs dhe Energjis\u00eb.<\/p>\n<p>Kryeministri Edi Rama ka vendosur t\u00eb b\u00ebj\u00eb disa ndryshime n\u00eb kabinetin qeveritar.<\/p>\n<p>Pas k\u00ebrkesave t\u00eb SPAK, vendimit t\u00eb Gjykat\u00ebs Kushtetuese, presionit nd\u00ebrkomb\u00ebtar dhe atij politik n\u00eb vend, Rama vendosi t\u00eb largoj\u00eb Ballukun nga postet qeveritare. Vendin e saj si zv.kryeministre do e mbaj\u00eb Albana Ko\u00e7iu.<\/p>\n<p>Sakaq, k\u00ebt\u00eb t\u00eb fundit n\u00eb postin e ministres s\u00eb Brendshme do e z\u00ebvend\u00ebsoj\u00eb Besfort Lamallari.<\/p>\n<p>Nd\u00ebrkoh\u00eb, n\u00eb krye t\u00eb Ministris\u00eb s\u00eb Energjitik\u00ebs vendoset Enea Karaka\u00e7i.<\/p>\n<p>N\u00eb krye t\u00eb Ministris\u00eb p\u00ebr Evrop\u00ebn dhe Pun\u00ebt e Jashtme largohet Elisa Spiropali dhe vendoset Ferit Hoxha, nd\u00ebrsa Erjona Ismaili merr detyr\u00ebn e ministres p\u00ebr Marr\u00ebdh\u00ebniet me Parlamentin.<\/p>\n<p>Toni Gogu do t\u00eb spostohet n\u00eb krye t\u00eb Ministris\u00eb s\u00eb Drejt\u00ebsis\u00eb. Gjithashtu dhe Piro Vengu \u00ebsht\u00eb larguar nga detyra dhe postin e tij do e marr\u00eb n\u00eb krye t\u00eb Ministris\u00eb s\u00eb Mbrojtjes Ermal Nufi.<\/p>\n<p>Ndryshimet n\u00eb qeveri:<\/p>\n<p>Zv.kryeministre, Albana Ko\u00e7iu<br \/>\nMinist\u00ebr I Brendsh\u00ebm, Besfort Lamallari<br \/>\nMinist\u00ebr Drejt\u00ebsie, Tono Gogu<br \/>\nMinist\u00ebr Energjitke, Enea Karaka\u00e7i<br \/>\nMinist\u00ebr i Mbrojtjes, Ermal Nufi<br \/>\nMinist\u00ebr p\u00ebr Marr\u00ebdh\u00ebnien me Parlamentin, Erjona Ismaili<br \/>\nMinist\u00ebr I Jasht\u00ebm, Ferit Hoxha<\/p>\n","protected":false},"excerpt":{"rendered":"<p>Belinda Balluku nuk do jet\u00eb m\u00eb z\u00ebvend\u00ebs kryeministre dhe ministre e Infrastruktur\u00ebs dhe Energjis\u00eb. Kryeministri Edi Rama ka vendosur t\u00eb b\u00ebj\u00eb disa ndryshime n\u00eb kabinetin qeveritar. Pas k\u00ebrkesave t\u00eb SPAK, vendimit t\u00eb Gjykat\u00ebs Kushtetuese, presionit nd\u00ebrkomb\u00ebtar dhe atij politik n\u00eb vend, Rama vendosi t\u00eb largoj\u00eb Ballukun nga postet qeveritare. Vendin e saj si zv.kryeministre do&#8230;<\/p>\n<p class=\"more-link-wrap\"><a href=\"https:\/\/factznews.com\/?p=4924\" class=\"more-link\">Read More<span class=\"screen-reader-text\"> &ldquo;T\u00ebrmet n\u00eb qeveri, Rama shkarkon Ballukun dhe disa t\u00ea tjer\u00eb&rdquo;<\/span> &raquo;<\/a><\/p>\n","protected":false},"author":1,"featured_media":4925,"comment_status":"open","ping_status":"open","sticky":false,"template":"","format":"standard","meta":{"footnotes":""},"categories":[5],"tags":[],"class_list":["post-4924","post","type-post","status-publish","format-standard","has-post-thumbnail","hentry","category-news"],"_links":{"self":[{"href":"https:\/\/factznews.com\/index.php?rest_route=\/wp\/v2\/posts\/4924","targetHints":{"allow":["GET"]}}],"collection":[{"href":"https:\/\/factznews.com\/index.php?rest_route=\/wp\/v2\/posts"}],"about":[{"href":"https:\/\/factznews.com\/index.php?rest_route=\/wp\/v2\/types\/post"}],"author":[{"embeddable":true,"href":"https:\/\/factznews.com\/index.php?rest_route=\/wp\/v2\/users\/1"}],"replies":[{"embeddable":true,"href":"https:\/\/factznews.com\/index.php?rest_route=%2Fwp%2Fv2%2Fcomments&post=4924"}],"version-history":[{"count":1,"href":"https:\/\/factznews.com\/index.php?rest_route=\/wp\/v2\/posts\/4924\/revisions"}],"predecessor-version":[{"id":4926,"href":"https:\/\/factznews.com\/index.php?rest_route=\/wp\/v2\/posts\/4924\/revisions\/4926"}],"wp:featuredmedia":[{"embeddable":true,"href":"https:\/\/factznews.com\/index.php?rest_route=\/wp\/v2\/media\/4925"}],"wp:attachment":[{"href":"https:\/\/factznews.com\/index.php?rest_route=%2Fwp%2Fv2%2Fmedia&parent=4924"}],"wp:term":[{"taxonomy":"category","embeddable":true,"href":"https:\/\/factznews.com\/index.php?rest_route=%2Fwp%2Fv2%2Fcategories&post=4924"},{"taxonomy":"post_tag","embeddable":true,"href":"https:\/\/factznews.com\/index.php?rest_route=%2Fwp%2Fv2%2Ftags&post=4924"}],"curies":[{"name":"wp","href":"https:\/\/api.w.org\/{rel}","templated":true}]}}