{"id":4978,"date":"2026-02-27T15:21:19","date_gmt":"2026-02-27T15:21:19","guid":{"rendered":"https:\/\/factznews.com\/?p=4978"},"modified":"2026-02-27T15:21:19","modified_gmt":"2026-02-27T15:21:19","slug":"pershkallezohet-konflikti-dy-vendet-kryejne-sulme-kunder-njeri-tjetrit","status":"publish","type":"post","link":"https:\/\/factznews.com\/?p=4978","title":{"rendered":"P\u00ebrshkall\u00ebzohet konflikti, dy vendet kryejn\u00eb sulme kund\u00ebr nj\u00ebri-tjetrit"},"content":{"rendered":"<p>Tensionet mes Afghanistan dhe Pakistan jan\u00eb p\u00ebrshkall\u00ebzuar ndjesh\u00ebm, pasi autoritetet talebane n\u00eb Kabul njoftuan se kan\u00eb nisur sulme ndaj pozicioneve ushtarake pakistaneze p\u00ebrgjat\u00eb kufirit t\u00eb p\u00ebrbashk\u00ebt, duke pretenduar se veprimet erdh\u00ebn si kund\u00ebrp\u00ebrgjigje ndaj bombardimeve ajrore pakistaneze t\u00eb jav\u00ebs s\u00eb kaluar.<\/p>\n<p>Sipas zyr\u00ebs mediatike t\u00eb nj\u00eb korpusi ushtarak n\u00eb lindje t\u00eb Afganistanit, \u201cp\u00ebrleshje t\u00eb ashpra\u201d nis\u00ebn von\u00eb t\u00eb enjten n\u00eb p\u00ebrgjigje t\u00eb sulmeve ajrore q\u00eb, sipas tyre, u kryen nga forcat pakistaneze n\u00eb provincat Nangarhar dhe Paktia.<\/p>\n<p>Z\u00ebdh\u00ebn\u00ebsi i qeveris\u00eb talebane, Zabihullah Mujahid, deklaroi se operacione t\u00eb gjera ofensive jan\u00eb nd\u00ebrmarr\u00eb kund\u00ebr pozicioneve dhe instalimeve ushtarake pakistaneze p\u00ebrgjat\u00eb vij\u00ebs kufitare t\u00eb njohur si \u201cDurand Line\u201d, duke e cil\u00ebsuar situat\u00ebn si reagim ndaj \u201cprovokimeve t\u00eb p\u00ebrs\u00ebritura\u201d.<\/p>\n<p>Nj\u00eb burim ushtarak afgan i tha Al Jazeera-s se 10 ushtar\u00eb pakistanez\u00eb jan\u00eb vrar\u00eb dhe se 13 poste kufitare jan\u00eb marr\u00eb n\u00ebn kontroll gjat\u00eb sulmeve t\u00eb fundit.<\/p>\n<p>Megjithat\u00eb, autoritetet n\u00eb Islamabad i mohuan kategorikisht k\u00ebto pretendime. Z\u00ebdh\u00ebn\u00ebsi i kryeministrit pakistanez Shehbaz Sharif, p\u00ebrmes nj\u00eb reagimi publik, deklaroi se asnj\u00eb post\u00eb pakistaneze nuk \u00ebsht\u00eb kapur apo d\u00ebmtuar dhe se forcat e vendit kan\u00eb shkaktuar \u201chumbje t\u00eb r\u00ebnda\u201d n\u00eb an\u00ebn afgane si p\u00ebrgjigje ndaj asaj q\u00eb e quajt\u00ebn \u201cagresion t\u00eb paprovokuar\u201d.<\/p>\n<p>Ministria pakistaneze e Informacionit b\u00ebri t\u00eb ditur se trupat e saj dhan\u00eb nj\u00eb \u201cp\u00ebrgjigje t\u00eb menj\u00ebhershme dhe efektive\u201d n\u00eb disa sektor\u00eb t\u00eb provinc\u00ebs Khyber Pakhtunkhwa, duke pretenduar se disa poste dhe pajisje n\u00eb an\u00ebn afgane jan\u00eb shkat\u00ebrruar.<\/p>\n<p>Marr\u00ebdh\u00ebniet mes dy vendeve kan\u00eb r\u00ebn\u00eb ndjesh\u00ebm muajt e fundit. Kalimet tok\u00ebsore p\u00ebrgjat\u00eb kufirit 2,611 kilometra t\u00eb gjat\u00eb \u2013 t\u00eb njohur si \u201cDurand Line\u201d, jan\u00eb mbyllur pjes\u00ebrisht q\u00eb nga p\u00ebrplasjet e p\u00ebrgjakshme n\u00eb tetor, ku raportimet flasin p\u00ebr m\u00eb shum\u00eb se 70 viktima nga t\u00eb dyja pal\u00ebt.<\/p>\n<p>N\u00eb qend\u00ebr t\u00eb p\u00ebrplasjes q\u00ebndrojn\u00eb akuzat e Pakistanit se Afganistani po strehon grupe t\u00eb armatosura, p\u00ebrfshir\u00eb Tehrik-i-Taliban Pakistan (TTP), i njohur si Taliban\u00ebt e Pakistanit. Ky grup, i krijuar n\u00eb vitin 2007, \u00ebsht\u00eb i ndar\u00eb nga Taliban\u00ebt afgan\u00eb, por ndan lidhje ideologjike dhe historike me ta.<\/p>\n<p>Sipas analiz\u00ebs s\u00eb Pearl Pandya nga organizata monitoruese Armed Conflict Location &#038; Event Data (ACLED), kufiri poroz mes dy vendeve u jep militant\u00ebve hap\u00ebsir\u00eb p\u00ebr t\u2019u t\u00ebrhequr dhe riorganizuar. Ajo thekson se viti 2025 ka qen\u00eb nd\u00ebr m\u00eb t\u00eb dhunshmit n\u00eb m\u00eb shum\u00eb se nj\u00eb dekad\u00eb, me mbi 1,000 incidente t\u00eb dhunshme t\u00eb regjistruara q\u00eb lidhen me TTP-n\u00eb n\u00eb territorin pakistanez.<\/p>\n<p>Autoritetet talebane n\u00eb Kabul i mohojn\u00eb akuzat se strehojn\u00eb TTP-n\u00eb, por analist\u00ebt paralajm\u00ebrojn\u00eb se, n\u00eb munges\u00eb t\u00eb nj\u00eb goditjeje serioze ndaj grupit, p\u00ebrshkall\u00ebzimi i m\u00ebtejsh\u00ebm duket i pashmangsh\u00ebm.<\/p>\n<p>Me deklarata t\u00eb forta nga t\u00eb dyja pal\u00ebt dhe pretendime t\u00eb kund\u00ebrta p\u00ebr viktima e poste t\u00eb kapura, situata n\u00eb kufirin Afganistan\u2013Pakistan mbetet e tensionuar dhe e paqart\u00eb. Deri m\u00eb tani nuk ka konfirmim t\u00eb pavarur p\u00ebr shifrat e raportuara, nd\u00ebrsa frika p\u00ebr nj\u00eb p\u00ebrshkall\u00ebzim m\u00eb t\u00eb gjer\u00eb n\u00eb rajon po rritet.<\/p>\n","protected":false},"excerpt":{"rendered":"<p>Tensionet mes Afghanistan dhe Pakistan jan\u00eb p\u00ebrshkall\u00ebzuar ndjesh\u00ebm, pasi autoritetet talebane n\u00eb Kabul njoftuan se kan\u00eb nisur sulme ndaj pozicioneve ushtarake pakistaneze p\u00ebrgjat\u00eb kufirit t\u00eb p\u00ebrbashk\u00ebt, duke pretenduar se veprimet erdh\u00ebn si kund\u00ebrp\u00ebrgjigje ndaj bombardimeve ajrore pakistaneze t\u00eb jav\u00ebs s\u00eb kaluar. Sipas zyr\u00ebs mediatike t\u00eb nj\u00eb korpusi ushtarak n\u00eb lindje t\u00eb Afganistanit, \u201cp\u00ebrleshje t\u00eb ashpra\u201d&#8230;<\/p>\n<p class=\"more-link-wrap\"><a href=\"https:\/\/factznews.com\/?p=4978\" class=\"more-link\">Read More<span class=\"screen-reader-text\"> &ldquo;P\u00ebrshkall\u00ebzohet konflikti, dy vendet kryejn\u00eb sulme kund\u00ebr nj\u00ebri-tjetrit&rdquo;<\/span> &raquo;<\/a><\/p>\n","protected":false},"author":1,"featured_media":4892,"comment_status":"open","ping_status":"open","sticky":false,"template":"","format":"standard","meta":{"footnotes":""},"categories":[5],"tags":[],"class_list":["post-4978","post","type-post","status-publish","format-standard","has-post-thumbnail","hentry","category-news"],"_links":{"self":[{"href":"https:\/\/factznews.com\/index.php?rest_route=\/wp\/v2\/posts\/4978","targetHints":{"allow":["GET"]}}],"collection":[{"href":"https:\/\/factznews.com\/index.php?rest_route=\/wp\/v2\/posts"}],"about":[{"href":"https:\/\/factznews.com\/index.php?rest_route=\/wp\/v2\/types\/post"}],"author":[{"embeddable":true,"href":"https:\/\/factznews.com\/index.php?rest_route=\/wp\/v2\/users\/1"}],"replies":[{"embeddable":true,"href":"https:\/\/factznews.com\/index.php?rest_route=%2Fwp%2Fv2%2Fcomments&post=4978"}],"version-history":[{"count":1,"href":"https:\/\/factznews.com\/index.php?rest_route=\/wp\/v2\/posts\/4978\/revisions"}],"predecessor-version":[{"id":4979,"href":"https:\/\/factznews.com\/index.php?rest_route=\/wp\/v2\/posts\/4978\/revisions\/4979"}],"wp:featuredmedia":[{"embeddable":true,"href":"https:\/\/factznews.com\/index.php?rest_route=\/wp\/v2\/media\/4892"}],"wp:attachment":[{"href":"https:\/\/factznews.com\/index.php?rest_route=%2Fwp%2Fv2%2Fmedia&parent=4978"}],"wp:term":[{"taxonomy":"category","embeddable":true,"href":"https:\/\/factznews.com\/index.php?rest_route=%2Fwp%2Fv2%2Fcategories&post=4978"},{"taxonomy":"post_tag","embeddable":true,"href":"https:\/\/factznews.com\/index.php?rest_route=%2Fwp%2Fv2%2Ftags&post=4978"}],"curies":[{"name":"wp","href":"https:\/\/api.w.org\/{rel}","templated":true}]}}