{"id":4984,"date":"2026-02-27T15:28:34","date_gmt":"2026-02-27T15:28:34","guid":{"rendered":"https:\/\/factznews.com\/?p=4984"},"modified":"2026-02-27T15:28:34","modified_gmt":"2026-02-27T15:28:34","slug":"kryeministri-mbledh-qeverine-vengu-dhe-spiropali-refuzojne-te-shkojne-pas-largimit-nga-posti","status":"publish","type":"post","link":"https:\/\/factznews.com\/?p=4984","title":{"rendered":"Kryeministri mbledh qeverin\u00eb, Vengu dhe Spiropali refuzojn\u00eb te shkojne pas largimit nga posti"},"content":{"rendered":"<p>Kryeministri Edi Rama dit\u00ebn e sotme ka mbledhur qeverin\u00eb nj\u00eb dit\u00eb pas ndryshimeve surpriz\u00eb n\u00eb kabinet.<\/p>\n<p>Ristrukturimi p\u00ebrfshiu disa dikastere ky\u00e7e, konkretisht Ministrin\u00eb p\u00ebr Evrop\u00ebn dhe Pun\u00ebt e Jashtme, Ministrin\u00eb e Drejt\u00ebsis\u00eb, Ministrin\u00eb e Brendshme, Ministrin\u00eb p\u00ebr Marr\u00ebdh\u00ebniet me Parlamentin, si edhe Ministrin\u00eb e Infrastruktur\u00ebs dhe at\u00eb t\u00eb Mbrojtjes.<\/p>\n<p>Mbledhja e qeveris\u00eb ishte parashikuar t\u00eb zhvillohej dje, por u zhvendos p\u00ebr sot p\u00ebr shkak t\u00eb mbledhjes s\u00eb grupit t\u00eb PS, n\u00eb t\u00eb cil\u00ebn kryesocialisti Edi Rama b\u00ebri me dije shkarkimin e Belinda Ballukut nga posti i zv.kryeministres dhe ministres s\u00eb Infrastruktur\u00ebs, pasi edhe Gjykata Kushtetuese la n\u00eb fuqi pezullimin e saj.<\/p>\n<p>Balluku nuk iu bashkua mbledhjes s\u00eb qeveris\u00eb, bashk\u00eb me dy ministrat e tjer\u00eb q\u00eb Rama i largoi nga kabineti i tij, Pirro Vengun si minist\u00ebr t\u00eb Mbrojtjes dhe Elisa Spiropalin si ministre e Jashtme.<\/p>\n<p>7 ndryshimet n\u00eb Qeveri<\/p>\n<p>-Albana Ko\u00e7iu zv.kryeministre \u2013 z\u00ebvend\u00ebson Belinda Ballukun<br \/>\n-Enea Karaka\u00e7i minist\u00ebr i Infrastruktur\u00ebs dhe Energjitik\u00ebs \u2013 z\u00ebvend\u00ebson Belinda Ballukun<br \/>\n-Besfort Lamallari minist\u00ebr i Brendsh\u00ebm \u2013 z\u00ebvend\u00ebson Albana Ko\u00e7iun<br \/>\n-Toni Gogu minist\u00ebr Drejt\u00ebsie \u2013 z\u00ebvend\u00ebson Besfort Lamallarin<br \/>\n-Ferit Hoxha minist\u00ebr i Jasht\u00ebm \u2013 z\u00ebvend\u00ebson Elisa Spiropalin<br \/>\n-Ermal Nufi minist\u00ebr i Mbrojtjes \u2013 ik\u00ebn Pirro Vengu<br \/>\n-Eriona Ismaili minist\u00ebr p\u00ebr Marr\u00ebdh\u00ebniet me Parlamentin \u2013 z\u00ebvend\u00ebson Toni Gogun<\/p>\n","protected":false},"excerpt":{"rendered":"<p>Kryeministri Edi Rama dit\u00ebn e sotme ka mbledhur qeverin\u00eb nj\u00eb dit\u00eb pas ndryshimeve surpriz\u00eb n\u00eb kabinet. Ristrukturimi p\u00ebrfshiu disa dikastere ky\u00e7e, konkretisht Ministrin\u00eb p\u00ebr Evrop\u00ebn dhe Pun\u00ebt e Jashtme, Ministrin\u00eb e Drejt\u00ebsis\u00eb, Ministrin\u00eb e Brendshme, Ministrin\u00eb p\u00ebr Marr\u00ebdh\u00ebniet me Parlamentin, si edhe Ministrin\u00eb e Infrastruktur\u00ebs dhe at\u00eb t\u00eb Mbrojtjes. Mbledhja e qeveris\u00eb ishte parashikuar t\u00eb&#8230;<\/p>\n<p class=\"more-link-wrap\"><a href=\"https:\/\/factznews.com\/?p=4984\" class=\"more-link\">Read More<span class=\"screen-reader-text\"> &ldquo;Kryeministri mbledh qeverin\u00eb, Vengu dhe Spiropali refuzojn\u00eb te shkojne pas largimit nga posti&rdquo;<\/span> &raquo;<\/a><\/p>\n","protected":false},"author":1,"featured_media":0,"comment_status":"open","ping_status":"open","sticky":false,"template":"","format":"standard","meta":{"footnotes":""},"categories":[5],"tags":[],"class_list":["post-4984","post","type-post","status-publish","format-standard","hentry","category-news"],"_links":{"self":[{"href":"https:\/\/factznews.com\/index.php?rest_route=\/wp\/v2\/posts\/4984","targetHints":{"allow":["GET"]}}],"collection":[{"href":"https:\/\/factznews.com\/index.php?rest_route=\/wp\/v2\/posts"}],"about":[{"href":"https:\/\/factznews.com\/index.php?rest_route=\/wp\/v2\/types\/post"}],"author":[{"embeddable":true,"href":"https:\/\/factznews.com\/index.php?rest_route=\/wp\/v2\/users\/1"}],"replies":[{"embeddable":true,"href":"https:\/\/factznews.com\/index.php?rest_route=%2Fwp%2Fv2%2Fcomments&post=4984"}],"version-history":[{"count":1,"href":"https:\/\/factznews.com\/index.php?rest_route=\/wp\/v2\/posts\/4984\/revisions"}],"predecessor-version":[{"id":4985,"href":"https:\/\/factznews.com\/index.php?rest_route=\/wp\/v2\/posts\/4984\/revisions\/4985"}],"wp:attachment":[{"href":"https:\/\/factznews.com\/index.php?rest_route=%2Fwp%2Fv2%2Fmedia&parent=4984"}],"wp:term":[{"taxonomy":"category","embeddable":true,"href":"https:\/\/factznews.com\/index.php?rest_route=%2Fwp%2Fv2%2Fcategories&post=4984"},{"taxonomy":"post_tag","embeddable":true,"href":"https:\/\/factznews.com\/index.php?rest_route=%2Fwp%2Fv2%2Ftags&post=4984"}],"curies":[{"name":"wp","href":"https:\/\/api.w.org\/{rel}","templated":true}]}}