{"id":5506,"date":"2026-03-06T01:07:53","date_gmt":"2026-03-06T01:07:53","guid":{"rendered":"https:\/\/factznews.com\/?p=5506"},"modified":"2026-03-06T01:07:53","modified_gmt":"2026-03-06T01:07:53","slug":"u-shtrua-me-urgjence-ne-spital-pasi-u-ndje-keq-ne-emision-vjen-lajmi-i-mire-ja-gjendja-e-rudina-xhunges","status":"publish","type":"post","link":"https:\/\/factznews.com\/?p=5506","title":{"rendered":"U shtrua me urgjenc\u00eb n\u00eb spital pasi u ndje keq n\u00eb emision! Vjen lajmi i mir\u00ea, ja gj\u00ebndja e Rudina Xhung\u00ebs"},"content":{"rendered":"<p>Ka ardhur reagimi nga media ku \u00ebsht\u00eb drejtuese Rudina Xhunga n\u00eb lidhje me sh\u00ebndetin e saj, ku p\u00ebr fat gj\u00ebndja e saj \u00ebsht\u00eb p\u00ebrmir\u00ebsuar.<br \/>\nJeni shum\u00eb q\u00eb na keni shkruar p\u00ebr sh\u00ebndetin e drejtueses s\u00eb DritareTV, Rudina Xhunga pasi gjat\u00eb intervist\u00ebs live n\u00eb emisionin Rudina n\u00eb TV Klan, nuk u ndje mir\u00eb.<\/p>\n<p>Duam t\u2019ju themi t\u00eb gjith\u00ebve se gjendja e zonj\u00ebs Xhunga \u00ebsht\u00eb e stabilizuar. P\u00ebr momentin \u00ebsht\u00eb e qet\u00eb dhe n\u00ebn kujdesin e mjek\u00ebve! Faleminderit te gjitheve. \ud83d\ude4f\ud83c\udffbNj\u00eb situat\u00eb aspak e zakont\u00eb ka ndodhur pasditen e k\u00ebsaj t\u00eb enjte n\u00eb emisionin e Rudina Magjistarit, ku e ftuar ishte dhe gazetarja e njohur Rudina Xhunga. Ajo sapo nisi t\u00eb fliste dhe t\u00eb tregonte eksperiencat gjat\u00eb profesionit, kur filloi t\u00eb kishte probleme sh\u00ebndet\u00ebsore.<\/p>\n<p>\u201cM\u00eb keni kapur n\u00eb nj\u00eb dit\u00eb t\u00eb keqe, sepse kam nj\u00eb problem sh\u00ebndeti q\u00eb nuk e kuptoj\u2026\u201d, u shpreh gazetarja, nd\u00ebrkoh\u00eb drejtuesja Rudina Magjistari i k\u00ebrkoi menj\u00ebher\u00eb t\u00eb largohej p\u00ebr t\u00eb monitoruar sh\u00ebndetin, pavar\u00ebsisht transmetimit live.<\/p>\n<p>\u201cP\u00ebr fat t\u00eb mir\u00eb kishim dhe doktoresh\u00ebn k\u00ebtu\u201d, d\u00ebgjohet t\u00eb thot\u00eb moderatorja, n\u00eb pamjet q\u00eb ka shp\u00ebrndar\u00eb edhe vet\u00eb televizioni, kurse publiku e duartrokiti gazetaren e njohur.<\/p>\n<p>N\u00eb panel, e ftuar me Rudina Xhung\u00ebn p\u00ebr t\u00eb folur p\u00ebr rolin e grave n\u00eb 7-8 Mars ishte e pranishme edhe mjekja Edlira Rehovica, e cila e shoq\u00ebroi gazetaren jasht\u00eb studios dhe menj\u00ebher\u00eb e asistoi p\u00ebr t\u00eb monitoruar sh\u00ebndetin dhe shkakun e gjendjes s\u00eb paq\u00ebndrueshme.<\/p>\n<p>Media q\u00eb Rudina Xhunga drejton, shkruan se gjendja sh\u00ebndet\u00ebsore e saj \u00ebsht\u00eb stabilizuar dhe p\u00ebr momentin ajo \u00ebsht\u00eb n\u00ebn kujdesin e mjek\u00ebve.<\/p>\n<p>\u201cJeni shum\u00eb q\u00eb na keni shkruar p\u00ebr sh\u00ebndetin e Rudina Xhunga pasi gjat\u00eb intervist\u00ebs live n\u00eb emisionin Rudina n\u00eb TV Klan, nuk u ndje mir\u00eb. Duam t\u2019ju themi t\u00eb gjith\u00ebve se gjendja e zonj\u00ebs Xhunga \u00ebsht\u00eb e stabilizuar. P\u00ebr momentin \u00ebsht\u00eb e qet\u00eb dhe n\u00ebn kujdesin e mjek\u00ebve\u201d, thuhet n\u00eb reagim.<\/p>\n<p>M\u00eb posht\u00eb, episodi i publikuar nga Televizoni Klan: \/\u00a9 youtube.com\/@televizioniKLAN<\/p>\n","protected":false},"excerpt":{"rendered":"<p>Ka ardhur reagimi nga media ku \u00ebsht\u00eb drejtuese Rudina Xhunga n\u00eb lidhje me sh\u00ebndetin e saj, ku p\u00ebr fat gj\u00ebndja e saj \u00ebsht\u00eb p\u00ebrmir\u00ebsuar. Jeni shum\u00eb q\u00eb na keni shkruar p\u00ebr sh\u00ebndetin e drejtueses s\u00eb DritareTV, Rudina Xhunga pasi gjat\u00eb intervist\u00ebs live n\u00eb emisionin Rudina n\u00eb TV Klan, nuk u ndje mir\u00eb. Duam t\u2019ju themi&#8230;<\/p>\n<p class=\"more-link-wrap\"><a href=\"https:\/\/factznews.com\/?p=5506\" class=\"more-link\">Read More<span class=\"screen-reader-text\"> &ldquo;U shtrua me urgjenc\u00eb n\u00eb spital pasi u ndje keq n\u00eb emision! Vjen lajmi i mir\u00ea, ja gj\u00ebndja e Rudina Xhung\u00ebs&rdquo;<\/span> &raquo;<\/a><\/p>\n","protected":false},"author":1,"featured_media":5507,"comment_status":"open","ping_status":"open","sticky":false,"template":"","format":"standard","meta":{"footnotes":""},"categories":[5],"tags":[],"class_list":["post-5506","post","type-post","status-publish","format-standard","has-post-thumbnail","hentry","category-news"],"_links":{"self":[{"href":"https:\/\/factznews.com\/index.php?rest_route=\/wp\/v2\/posts\/5506","targetHints":{"allow":["GET"]}}],"collection":[{"href":"https:\/\/factznews.com\/index.php?rest_route=\/wp\/v2\/posts"}],"about":[{"href":"https:\/\/factznews.com\/index.php?rest_route=\/wp\/v2\/types\/post"}],"author":[{"embeddable":true,"href":"https:\/\/factznews.com\/index.php?rest_route=\/wp\/v2\/users\/1"}],"replies":[{"embeddable":true,"href":"https:\/\/factznews.com\/index.php?rest_route=%2Fwp%2Fv2%2Fcomments&post=5506"}],"version-history":[{"count":1,"href":"https:\/\/factznews.com\/index.php?rest_route=\/wp\/v2\/posts\/5506\/revisions"}],"predecessor-version":[{"id":5508,"href":"https:\/\/factznews.com\/index.php?rest_route=\/wp\/v2\/posts\/5506\/revisions\/5508"}],"wp:featuredmedia":[{"embeddable":true,"href":"https:\/\/factznews.com\/index.php?rest_route=\/wp\/v2\/media\/5507"}],"wp:attachment":[{"href":"https:\/\/factznews.com\/index.php?rest_route=%2Fwp%2Fv2%2Fmedia&parent=5506"}],"wp:term":[{"taxonomy":"category","embeddable":true,"href":"https:\/\/factznews.com\/index.php?rest_route=%2Fwp%2Fv2%2Fcategories&post=5506"},{"taxonomy":"post_tag","embeddable":true,"href":"https:\/\/factznews.com\/index.php?rest_route=%2Fwp%2Fv2%2Ftags&post=5506"}],"curies":[{"name":"wp","href":"https:\/\/api.w.org\/{rel}","templated":true}]}}