{"id":5532,"date":"2026-03-06T13:56:28","date_gmt":"2026-03-06T13:56:28","guid":{"rendered":"https:\/\/factznews.com\/?p=5532"},"modified":"2026-03-06T13:56:28","modified_gmt":"2026-03-06T13:56:28","slug":"kerkoi-lirimin-nga-burgu-ilir-meta-heq-dore-nga-ankimi-ne-apelin-e-posacem","status":"publish","type":"post","link":"https:\/\/factznews.com\/?p=5532","title":{"rendered":"K\u00ebrkoi lirimin nga burgu, Ilir Meta heq dor\u00eb nga ankimi n\u00eb Apelin e Posa\u00e7\u00ebm"},"content":{"rendered":"<p>Presidenti i Partia e Liris\u00eb, Ilir Meta, ka vendosur t\u00eb heq\u00eb dor\u00eb nga ankimi n\u00eb Apelin e Posa\u00e7\u00ebm, ku kishte k\u00ebrkuar z\u00ebvend\u00ebsimin e mas\u00ebs s\u00eb siguris\u00eb \u201carrest me burg\u201d.<\/p>\n<p>Avokati i tij mbrojtjes tha se vendimi p\u00ebr t\u00eb t\u00ebrhequr ankimin u mor pas shqyrtimit t\u00eb mund\u00ebsive ligjore.<\/p>\n<p>Me k\u00ebt\u00eb vendim, procedura n\u00eb Apelin e Posa\u00e7\u00ebm nuk do t\u00eb vijoj\u00eb, duke mbetur n\u00eb fuqi masa e vendosur m\u00eb par\u00eb ndaj presidentit t\u00eb Partis\u00eb s\u00eb Liris\u00eb.<\/p>\n<p>Meta po hetohet p\u00ebr korrupsion, pastrim parash dhe mosdeklarim t\u00eb pasuris\u00eb, p\u00ebrfshir\u00eb p\u00ebrfitime t\u00eb dyshuara nga kontrata publike dhe lobime jasht\u00eb vendit. Hetimi i SPAK ka d\u00ebrguar ish-presidentin n\u00eb qeli, nd\u00ebrsa procesi gjyq\u00ebsor ndaj tij dhe bashk\u00ebpandehurve vijon.<\/p>\n<p>N\u00eb t\u00eb nj\u00ebjtin proces gjyq\u00ebsor, ish\u2011bashk\u00ebshortja e tij, Monika Kryemadhi po hetohet gjithashtu nga SPAK p\u00ebr korrupsion, pastrim parash dhe mosdeklarim t\u00eb pasuris\u00eb. Ajo \u00ebsht\u00eb l\u00ebn\u00eb me mas\u00eb sigurie \u201cdetyrim paraqitjeje\u201d.<\/p>\n","protected":false},"excerpt":{"rendered":"<p>Presidenti i Partia e Liris\u00eb, Ilir Meta, ka vendosur t\u00eb heq\u00eb dor\u00eb nga ankimi n\u00eb Apelin e Posa\u00e7\u00ebm, ku kishte k\u00ebrkuar z\u00ebvend\u00ebsimin e mas\u00ebs s\u00eb siguris\u00eb \u201carrest me burg\u201d. Avokati i tij mbrojtjes tha se vendimi p\u00ebr t\u00eb t\u00ebrhequr ankimin u mor pas shqyrtimit t\u00eb mund\u00ebsive ligjore. Me k\u00ebt\u00eb vendim, procedura n\u00eb Apelin e Posa\u00e7\u00ebm&#8230;<\/p>\n<p class=\"more-link-wrap\"><a href=\"https:\/\/factznews.com\/?p=5532\" class=\"more-link\">Read More<span class=\"screen-reader-text\"> &ldquo;K\u00ebrkoi lirimin nga burgu, Ilir Meta heq dor\u00eb nga ankimi n\u00eb Apelin e Posa\u00e7\u00ebm&rdquo;<\/span> &raquo;<\/a><\/p>\n","protected":false},"author":1,"featured_media":5533,"comment_status":"open","ping_status":"open","sticky":false,"template":"","format":"standard","meta":{"footnotes":""},"categories":[5],"tags":[],"class_list":["post-5532","post","type-post","status-publish","format-standard","has-post-thumbnail","hentry","category-news"],"_links":{"self":[{"href":"https:\/\/factznews.com\/index.php?rest_route=\/wp\/v2\/posts\/5532","targetHints":{"allow":["GET"]}}],"collection":[{"href":"https:\/\/factznews.com\/index.php?rest_route=\/wp\/v2\/posts"}],"about":[{"href":"https:\/\/factznews.com\/index.php?rest_route=\/wp\/v2\/types\/post"}],"author":[{"embeddable":true,"href":"https:\/\/factznews.com\/index.php?rest_route=\/wp\/v2\/users\/1"}],"replies":[{"embeddable":true,"href":"https:\/\/factznews.com\/index.php?rest_route=%2Fwp%2Fv2%2Fcomments&post=5532"}],"version-history":[{"count":1,"href":"https:\/\/factznews.com\/index.php?rest_route=\/wp\/v2\/posts\/5532\/revisions"}],"predecessor-version":[{"id":5534,"href":"https:\/\/factznews.com\/index.php?rest_route=\/wp\/v2\/posts\/5532\/revisions\/5534"}],"wp:featuredmedia":[{"embeddable":true,"href":"https:\/\/factznews.com\/index.php?rest_route=\/wp\/v2\/media\/5533"}],"wp:attachment":[{"href":"https:\/\/factznews.com\/index.php?rest_route=%2Fwp%2Fv2%2Fmedia&parent=5532"}],"wp:term":[{"taxonomy":"category","embeddable":true,"href":"https:\/\/factznews.com\/index.php?rest_route=%2Fwp%2Fv2%2Fcategories&post=5532"},{"taxonomy":"post_tag","embeddable":true,"href":"https:\/\/factznews.com\/index.php?rest_route=%2Fwp%2Fv2%2Ftags&post=5532"}],"curies":[{"name":"wp","href":"https:\/\/api.w.org\/{rel}","templated":true}]}}