{"id":5535,"date":"2026-03-06T15:24:54","date_gmt":"2026-03-06T15:24:54","guid":{"rendered":"https:\/\/factznews.com\/?p=5535"},"modified":"2026-03-06T15:24:54","modified_gmt":"2026-03-06T15:24:54","slug":"sali-berisha-befason-ja-ku-ndodhet-rezidenca-sekrete-e-edi-rames-qe-nuk-u-shkon-mendja","status":"publish","type":"post","link":"https:\/\/factznews.com\/?p=5535","title":{"rendered":"Sali Berisha befason: Ja ku ndodhet rezidenca sekrete e Edi Ram\u00ebs q\u00eb nuk u shkon mendja"},"content":{"rendered":"<p>Kryetari i Partis\u00eb Demokratike, Sali Berisha, deklaroi se kryeministri Edi Rama disponon nj\u00eb tjet\u00ebr rezidenc\u00eb n\u00eb Dardh\u00eb t\u00eb Kor\u00e7\u00ebs, p\u00ebrve\u00e7 asaj n\u00eb Surrel.<\/p>\n<p>Deklarata u b\u00eb gjat\u00eb nj\u00eb bashk\u00ebbisedimi \u201clive\u201d n\u00eb rrjetet sociale, pas nj\u00eb pyetjeje nga nj\u00eb qytetar lidhur me publikimin e pamjeve t\u00eb Dardh\u00ebs nga kryeministri n\u00eb rrjetet sociale. Berisha tha se prania e Ram\u00ebs n\u00eb Dardh\u00eb nuk \u00ebsht\u00eb e rast\u00ebsishme dhe se lidhja e tij me k\u00ebt\u00eb zon\u00eb \u00ebsht\u00eb e hershme.<\/p>\n<p>N\u00eb vijim, Berisha komentoi n\u00eb m\u00ebnyr\u00eb ironike debatin publik t\u00eb dit\u00ebve t\u00eb fundit, duke th\u00ebn\u00eb se pavar\u00ebsisht vendndodhjes, Rama nuk mund t\u2019i shmanget p\u00ebrgjegj\u00ebsis\u00eb politike p\u00ebr \u00e7\u00ebshtjet q\u00eb lidhen me qeverisjen dhe me rolin e z\u00ebvend\u00ebskryeministres Belinda Balluku.<\/p>\n<p>\u201cEdi Rama ka pasur sht\u00ebpi n\u00eb Dardh\u00eb dhe pastaj b\u00ebri sikur e ka shitur.Pra, del se p\u00ebrve\u00e7 Surrelit, ka edhe rezidenc\u00eb n\u00eb Dardh\u00eb.\u201d, tha Berisha.<\/p>\n<p>Sipas Berish\u00ebs, rasti i Dardh\u00ebs shtohet n\u00eb list\u00ebn e \u00e7\u00ebshtjeve q\u00eb, sipas tij, ngren\u00eb pik\u00ebpyetje mbi transparenc\u00ebn dhe q\u00ebndrimet e kryeministrit, nd\u00ebrsa debati politik vijon t\u00eb mbetet i fokusuar te p\u00ebrgjegj\u00ebsia qeveris\u00ebse.<\/p>\n","protected":false},"excerpt":{"rendered":"<p>Kryetari i Partis\u00eb Demokratike, Sali Berisha, deklaroi se kryeministri Edi Rama disponon nj\u00eb tjet\u00ebr rezidenc\u00eb n\u00eb Dardh\u00eb t\u00eb Kor\u00e7\u00ebs, p\u00ebrve\u00e7 asaj n\u00eb Surrel. Deklarata u b\u00eb gjat\u00eb nj\u00eb bashk\u00ebbisedimi \u201clive\u201d n\u00eb rrjetet sociale, pas nj\u00eb pyetjeje nga nj\u00eb qytetar lidhur me publikimin e pamjeve t\u00eb Dardh\u00ebs nga kryeministri n\u00eb rrjetet sociale. Berisha tha se prania&#8230;<\/p>\n<p class=\"more-link-wrap\"><a href=\"https:\/\/factznews.com\/?p=5535\" class=\"more-link\">Read More<span class=\"screen-reader-text\"> &ldquo;Sali Berisha befason: Ja ku ndodhet rezidenca sekrete e Edi Ram\u00ebs q\u00eb nuk u shkon mendja&rdquo;<\/span> &raquo;<\/a><\/p>\n","protected":false},"author":1,"featured_media":5536,"comment_status":"open","ping_status":"open","sticky":false,"template":"","format":"standard","meta":{"footnotes":""},"categories":[5],"tags":[],"class_list":["post-5535","post","type-post","status-publish","format-standard","has-post-thumbnail","hentry","category-news"],"_links":{"self":[{"href":"https:\/\/factznews.com\/index.php?rest_route=\/wp\/v2\/posts\/5535","targetHints":{"allow":["GET"]}}],"collection":[{"href":"https:\/\/factznews.com\/index.php?rest_route=\/wp\/v2\/posts"}],"about":[{"href":"https:\/\/factznews.com\/index.php?rest_route=\/wp\/v2\/types\/post"}],"author":[{"embeddable":true,"href":"https:\/\/factznews.com\/index.php?rest_route=\/wp\/v2\/users\/1"}],"replies":[{"embeddable":true,"href":"https:\/\/factznews.com\/index.php?rest_route=%2Fwp%2Fv2%2Fcomments&post=5535"}],"version-history":[{"count":1,"href":"https:\/\/factznews.com\/index.php?rest_route=\/wp\/v2\/posts\/5535\/revisions"}],"predecessor-version":[{"id":5537,"href":"https:\/\/factznews.com\/index.php?rest_route=\/wp\/v2\/posts\/5535\/revisions\/5537"}],"wp:featuredmedia":[{"embeddable":true,"href":"https:\/\/factznews.com\/index.php?rest_route=\/wp\/v2\/media\/5536"}],"wp:attachment":[{"href":"https:\/\/factznews.com\/index.php?rest_route=%2Fwp%2Fv2%2Fmedia&parent=5535"}],"wp:term":[{"taxonomy":"category","embeddable":true,"href":"https:\/\/factznews.com\/index.php?rest_route=%2Fwp%2Fv2%2Fcategories&post=5535"},{"taxonomy":"post_tag","embeddable":true,"href":"https:\/\/factznews.com\/index.php?rest_route=%2Fwp%2Fv2%2Ftags&post=5535"}],"curies":[{"name":"wp","href":"https:\/\/api.w.org\/{rel}","templated":true}]}}