{"id":5644,"date":"2026-03-08T14:30:18","date_gmt":"2026-03-08T14:30:18","guid":{"rendered":"https:\/\/factznews.com\/?p=5644"},"modified":"2026-03-08T14:30:18","modified_gmt":"2026-03-08T14:30:18","slug":"cfare-po-ndodh-tre-termete-te-njepasnjeshme-ne-kufirin-shqiperi-greqi","status":"publish","type":"post","link":"https:\/\/factznews.com\/?p=5644","title":{"rendered":"\u00c7far\u00eb po ndodh?! Tre t\u00ebrmete t\u00eb nj\u00ebpasnj\u00ebshme n\u00eb kufirin Shqip\u00ebri-Greqi"},"content":{"rendered":"<p>Tre t\u00ebrmete jan\u00eb regjistruar nj\u00ebra pas tjetr\u00ebs n\u00eb or\u00ebt e para t\u00eb m\u00ebngjesit pran\u00eb kufirit mes Shqip\u00ebris\u00eb dhe Greqis\u00eb, duke shkaktuar shqet\u00ebsim tek banor\u00ebt e zonave p\u00ebrreth.<\/p>\n<p>Sipas t\u00eb dh\u00ebnave sizmologjike, t\u00ebrmeti i par\u00eb u regjistrua n\u00eb 03:32 UTC (05:32 me or\u00ebn lokale) me magnitud\u00eb 5.4 t\u00eb shkall\u00ebs Rihter. Epiqendra u lokalizua rreth 16 kilometra n\u00eb per\u00ebndim t\u00eb Eleousa dhe 155 kilometra n\u00eb per\u00ebndim t\u00eb qytetit t\u00eb Laris\u00ebs, n\u00eb nj\u00eb thell\u00ebsi prej 5 kilometrash.<\/p>\n<p>Vet\u00ebm pak minuta m\u00eb von\u00eb, n\u00eb 03:36 UTC, u regjistrua nj\u00eb tjet\u00ebr t\u00ebrmet me magnitud\u00eb 4.9, me epiqend\u00ebr rreth 21 kilometra n\u00eb jugper\u00ebndim t\u00eb Ioannin\u00ebs.<\/p>\n<p>Nd\u00ebrsa l\u00ebkundja e tret\u00eb u regjistrua n\u00eb 03:39 UTC me magnitud\u00eb 3.6, rreth 20 kilometra n\u00eb jugper\u00ebndim t\u00eb Eleousa, gjithashtu n\u00eb nj\u00eb thell\u00ebsi prej 5 kilometrash.<\/p>\n<p>Deri m\u00eb tani nuk raportohen d\u00ebme materiale apo persona t\u00eb l\u00ebnduar, nd\u00ebrsa autoritetet sizmologjike po monitorojn\u00eb situat\u00ebn p\u00ebr l\u00ebkundje t\u00eb mundshme pasuese.<\/p>\n","protected":false},"excerpt":{"rendered":"<p>Tre t\u00ebrmete jan\u00eb regjistruar nj\u00ebra pas tjetr\u00ebs n\u00eb or\u00ebt e para t\u00eb m\u00ebngjesit pran\u00eb kufirit mes Shqip\u00ebris\u00eb dhe Greqis\u00eb, duke shkaktuar shqet\u00ebsim tek banor\u00ebt e zonave p\u00ebrreth. Sipas t\u00eb dh\u00ebnave sizmologjike, t\u00ebrmeti i par\u00eb u regjistrua n\u00eb 03:32 UTC (05:32 me or\u00ebn lokale) me magnitud\u00eb 5.4 t\u00eb shkall\u00ebs Rihter. Epiqendra u lokalizua rreth 16 kilometra&#8230;<\/p>\n<p class=\"more-link-wrap\"><a href=\"https:\/\/factznews.com\/?p=5644\" class=\"more-link\">Read More<span class=\"screen-reader-text\"> &ldquo;\u00c7far\u00eb po ndodh?! Tre t\u00ebrmete t\u00eb nj\u00ebpasnj\u00ebshme n\u00eb kufirin Shqip\u00ebri-Greqi&rdquo;<\/span> &raquo;<\/a><\/p>\n","protected":false},"author":1,"featured_media":5645,"comment_status":"open","ping_status":"open","sticky":false,"template":"","format":"standard","meta":{"footnotes":""},"categories":[5],"tags":[],"class_list":["post-5644","post","type-post","status-publish","format-standard","has-post-thumbnail","hentry","category-news"],"_links":{"self":[{"href":"https:\/\/factznews.com\/index.php?rest_route=\/wp\/v2\/posts\/5644","targetHints":{"allow":["GET"]}}],"collection":[{"href":"https:\/\/factznews.com\/index.php?rest_route=\/wp\/v2\/posts"}],"about":[{"href":"https:\/\/factznews.com\/index.php?rest_route=\/wp\/v2\/types\/post"}],"author":[{"embeddable":true,"href":"https:\/\/factznews.com\/index.php?rest_route=\/wp\/v2\/users\/1"}],"replies":[{"embeddable":true,"href":"https:\/\/factznews.com\/index.php?rest_route=%2Fwp%2Fv2%2Fcomments&post=5644"}],"version-history":[{"count":1,"href":"https:\/\/factznews.com\/index.php?rest_route=\/wp\/v2\/posts\/5644\/revisions"}],"predecessor-version":[{"id":5646,"href":"https:\/\/factznews.com\/index.php?rest_route=\/wp\/v2\/posts\/5644\/revisions\/5646"}],"wp:featuredmedia":[{"embeddable":true,"href":"https:\/\/factznews.com\/index.php?rest_route=\/wp\/v2\/media\/5645"}],"wp:attachment":[{"href":"https:\/\/factznews.com\/index.php?rest_route=%2Fwp%2Fv2%2Fmedia&parent=5644"}],"wp:term":[{"taxonomy":"category","embeddable":true,"href":"https:\/\/factznews.com\/index.php?rest_route=%2Fwp%2Fv2%2Fcategories&post=5644"},{"taxonomy":"post_tag","embeddable":true,"href":"https:\/\/factznews.com\/index.php?rest_route=%2Fwp%2Fv2%2Ftags&post=5644"}],"curies":[{"name":"wp","href":"https:\/\/api.w.org\/{rel}","templated":true}]}}