{"id":5647,"date":"2026-03-08T14:31:12","date_gmt":"2026-03-08T14:31:12","guid":{"rendered":"https:\/\/factznews.com\/?p=5647"},"modified":"2026-03-08T14:31:12","modified_gmt":"2026-03-08T14:31:12","slug":"i-fundit-lajm-per-pensionet","status":"publish","type":"post","link":"https:\/\/factznews.com\/?p=5647","title":{"rendered":"I fundit, lajm per pensionet"},"content":{"rendered":"<p>Ekspertja ekonomiste, Romina Radonshiqi ka dh\u00ebn\u00eb sqarime lidhur me shqet\u00ebsimet e pensionist\u00ebve p\u00ebr mosmarrjen e bonusit n\u00eb muajin shkurt, duke theksuar se pensionist\u00ebt q\u00eb nuk e kan\u00eb p\u00ebrfituar duhet t\u00eb b\u00ebjn\u00eb ankes\u00eb n\u00eb platform\u00ebn e-Albania<\/p>\n<p>Sipas saj, \u00ebsht\u00eb e pamundur q\u00eb nj\u00eb pensionist ta marr\u00eb bonusin n\u00eb nj\u00eb muaj dhe t\u00eb mos e marr\u00eb n\u00eb muajin pasardh\u00ebs p\u00ebr shkak t\u00eb ndonj\u00eb ndryshimi n\u00eb pension.<\/p>\n<p>\u201cN\u00eb fakt kjo \u00ebsht\u00eb gj\u00eb e pamundur dhe e them k\u00ebt\u00eb sepse nuk \u00ebsht\u00eb se ka pasur indeksim q\u00eb t\u00eb mendosh q\u00eb ai q\u00eb e merr n\u00eb janar nuk e merr dot n\u00eb shkurt, q\u00eb do t\u00eb thot\u00eb q\u00eb t\u00eb gjith\u00eb ata pensionist\u00eb t\u00eb cil\u00ebt nuk e kan\u00eb p\u00ebrfituar n\u00eb shkurt bonusin, at\u00ebher\u00eb do duhet q\u00eb t\u00eb ankohen pran\u00eb e-Albania-s me q\u00ebllim q\u00eb t\u00eb ken\u00eb mund\u00ebsi t\u00eb marrin bonusin\u201d, tha ajo.<\/p>\n<p>Ekspertja theksoi se ka pasur raste kur pensionist\u00ebt q\u00eb kan\u00eb b\u00ebr\u00eb k\u00ebrkes\u00eb kan\u00eb arritur t\u00eb marrin pagesat e prapambetura.\u201cN\u00ebse ka pasur pensionist\u00eb t\u00eb cil\u00ebt nuk e kan\u00eb marr\u00eb bonusin dhe kan\u00eb b\u00ebr\u00eb k\u00ebrkes\u00eb tek e-Albania, kemi pensionist\u00eb t\u00eb cil\u00ebt kan\u00eb mundur t\u00eb marrin bonusin p\u00ebr tre muajt q\u00eb nuk e kan\u00eb marr\u00eb, q\u00eb do t\u00eb thot\u00eb p\u00ebr janarin, p\u00ebr shkurtin dhe p\u00ebr marsin. Pra sot Instituti i Sigurimeve Shoq\u00ebrore ka korrigjuar gabimin e b\u00ebr\u00eb duke mos u dh\u00ebn\u00eb disa pensionist\u00ebve bonusin q\u00eb u takonte me t\u00eb drejt\u00eb\u201d, u shpreh ajo.<\/p>\n<p>Ajo shtoi se lajmet q\u00eb flasin p\u00ebr persona q\u00eb e kan\u00eb marr\u00eb bonusin n\u00eb janar por jo n\u00eb shkurt nuk kan\u00eb logjik\u00eb ekonomike. \u201cKy lajm i cili flet p\u00ebr individ\u00eb t\u00eb cil\u00ebt e kan\u00eb marr\u00eb bonusin n\u00eb janar por nuk e kan\u00eb marr\u00eb n\u00eb shkurt, mua m\u00eb duket pasens, p\u00ebr shkak se nga janari n\u00eb shkurt apo nga shkurti n\u00eb mars nuk ka pasur indeksim pensionesh\u201d, tha ekspertja. Sipas saj, pensionist\u00ebt duhet t\u00eb paraqesin ankes\u00eb pran\u00eb Instituti i Sigurimeve Shoq\u00ebrore p\u00ebrmes e-Albania n\u00ebse nuk e kan\u00eb marr\u00eb bonusin. \u201cP\u00ebr t\u00eb gjith\u00eb ata pensionist\u00eb t\u00eb cil\u00ebt nuk e kan\u00eb marr\u00eb, duhet t\u2019i drejtohen e-Albania-s me k\u00ebrkes\u00eb, pra ankes\u00eb pran\u00eb Institutit t\u00eb Sigurimeve Shoq\u00ebrore me q\u00ebllim q\u00eb ta p\u00ebrfitojn\u00eb\u201d, theksoi ajo. Nd\u00ebrkoh\u00eb, ekspertja sqaroi edhe nj\u00eb keqkuptim q\u00eb mund t\u00eb ken\u00eb pasur pensionist\u00ebt lidhur me m\u00ebnyr\u00ebn e p\u00ebrfitimit t\u00eb bonusit.<\/p>\n<p>\u201cNdoshta pensionist\u00ebt mos kan\u00eb pretenduar q\u00eb n\u00eb rastin e shtimit t\u00eb bonusit 8.000 lek\u00eb, mos mendojn\u00eb q\u00eb n\u00eb janar \u00ebsht\u00eb marr\u00eb nj\u00eb shum\u00eb dhe n\u00eb shkurt do t\u00eb shtohet p\u00ebrs\u00ebri. Nuk \u00ebsht\u00eb k\u00ebshtu. Pra n\u00ebse ka marr\u00eb n\u00eb janar 208.000 lek\u00eb, do marr\u00eb 208.000 lek\u00eb \u00e7do muaj deri n\u00eb fund t\u00eb vitit. Rritja \u00ebsht\u00eb 8.000 lek\u00eb dhe \u00ebsht\u00eb konstante, nuk \u00ebsht\u00eb q\u00eb \u00e7do muaj shtohen nga 8.000 lek\u00eb\u201d, u shpreh ekspertja.<\/p>\n<p>\u00c7far\u00eb po ndodh me skem\u00ebn e pensioneve?<\/p>\n<p>Nga ana tjet\u00ebr qeveria ka transferuar 167 milion\u00eb euro t\u00eb pashpenzuara nga buxheti i vitit 2025 n\u00eb Fondin e Ve\u00e7ant\u00eb t\u00eb Pensioneve, me synimin p\u00ebr t\u00eb forcuar q\u00ebndrueshm\u00ebrin\u00eb financiare t\u00eb skem\u00ebs n\u00eb nj\u00eb moment kur sistemi p\u00ebrballet me presione strukturore dhe shum\u00eb pensionist\u00eb jetojn\u00eb pran\u00eb kufirit t\u00eb varf\u00ebris\u00eb. Sipas ekspertit t\u00eb ekonomis\u00eb, Elvin Meka, kjo \u00ebsht\u00eb nj\u00eb qasje e pazakont\u00eb dhe e paprecedent\u00eb, q\u00eb synon adresimin e problematikave t\u00eb reform\u00ebs n\u00eb fush\u00ebn e pensioneve.<\/p>\n<p>\u201c\u00cbsht\u00eb nj\u00eb lloj m\u00ebnyre p\u00ebr t\u00eb ndihmuar ose p\u00ebr t\u00eb mb\u00ebshtetur skem\u00ebn e pensioneve, e cila mesa duket n\u00eb vitet q\u00eb do t\u00eb vijn\u00eb do t\u00eb ket\u00eb nj\u00eb barr\u00eb akoma m\u00eb t\u00eb madhe sa i p\u00ebrket pesh\u00ebs n\u00eb buxhetin e shtetit, jo vet\u00ebm nga rritja dhe indeksimi i pensioneve, por edhe nga vet\u00eb rritja nominale e numrave, dalja gjithmon\u00eb e m\u00eb shum\u00eb e pensionist\u00ebve\u201d, tha eksperti. Sipas tij, kjo nd\u00ebrhyrje nuk p\u00ebrb\u00ebn nj\u00eb hap strukturor n\u00eb mb\u00ebshtetje t\u00eb skem\u00ebs s\u00eb pensioneve. \u201cNuk klasifikohet n\u00eb konceptin strategjik, m\u00eb shum\u00eb se at\u00eb taktik dhe operacional\u201d, n\u00ebnvizoi ai. Meka thekson se, n\u00eb nj\u00eb situat\u00eb normale, fonde t\u00eb tilla nuk duhet t\u00eb ekzistonin dhe, me rritjen e mir\u00ebadministrimit, ato do t\u00eb duhej t\u00eb zvog\u00ebloheshin ose t\u00eb eliminoheshin plot\u00ebsisht.<\/p>\n<p>\u201cKjo iniciativ\u00eb e qeveris\u00eb krijon fonde t\u00eb tilla, t\u00eb cilat n\u00eb nj\u00eb m\u00ebnyr\u00eb apo tjetr\u00ebn shkojn\u00eb p\u00ebr mb\u00ebshtetjen e skem\u00ebs s\u00eb pensioneve\u201d, theksoi eksperti Meka. P\u00ebr ekspertin, vendimtar p\u00ebr reform\u00ebn mbetet roli q\u00eb do t\u00eb marr\u00eb qeveria n\u00eb krijimin e shtyll\u00ebs s\u00eb dyt\u00eb t\u00eb skem\u00ebs s\u00eb pensioneve. \u201cDiskutimi i reform\u00ebs ka t\u00eb b\u00ebj\u00eb me faktin n\u00ebse qeveria do t\u00eb vendos\u00eb apo jo t\u00eb jet\u00eb bashk\u00ebfinancuesee shtyll\u00ebs s\u00eb dyt\u00eb t\u00eb pensioneve.<\/p>\n<p>Ky \u00ebsht\u00eb ndryshimi real q\u00eb pritet ose q\u00eb i jep tonin reform\u00ebs s\u00eb ardhshme t\u00eb pensioneve\u201d, theksoi ai. N\u00eb vler\u00ebsimin e ekspertit, nd\u00ebrhyrja aktuale \u00ebsht\u00eb nj\u00eb element q\u00eb ndihmon n\u00eb plot\u00ebsimin e boshll\u00ebqeve t\u00eb skem\u00ebs, me q\u00ebllim q\u00eb t\u00eb mos rritet m\u00eb tej pesha e fondit t\u00eb pensioneve mbi buxhetin e shtetit<\/p>\n","protected":false},"excerpt":{"rendered":"<p>Ekspertja ekonomiste, Romina Radonshiqi ka dh\u00ebn\u00eb sqarime lidhur me shqet\u00ebsimet e pensionist\u00ebve p\u00ebr mosmarrjen e bonusit n\u00eb muajin shkurt, duke theksuar se pensionist\u00ebt q\u00eb nuk e kan\u00eb p\u00ebrfituar duhet t\u00eb b\u00ebjn\u00eb ankes\u00eb n\u00eb platform\u00ebn e-Albania Sipas saj, \u00ebsht\u00eb e pamundur q\u00eb nj\u00eb pensionist ta marr\u00eb bonusin n\u00eb nj\u00eb muaj dhe t\u00eb mos e marr\u00eb n\u00eb&#8230;<\/p>\n<p class=\"more-link-wrap\"><a href=\"https:\/\/factznews.com\/?p=5647\" class=\"more-link\">Read More<span class=\"screen-reader-text\"> &ldquo;I fundit, lajm per pensionet&rdquo;<\/span> &raquo;<\/a><\/p>\n","protected":false},"author":1,"featured_media":5648,"comment_status":"open","ping_status":"open","sticky":false,"template":"","format":"standard","meta":{"footnotes":""},"categories":[5],"tags":[],"class_list":["post-5647","post","type-post","status-publish","format-standard","has-post-thumbnail","hentry","category-news"],"_links":{"self":[{"href":"https:\/\/factznews.com\/index.php?rest_route=\/wp\/v2\/posts\/5647","targetHints":{"allow":["GET"]}}],"collection":[{"href":"https:\/\/factznews.com\/index.php?rest_route=\/wp\/v2\/posts"}],"about":[{"href":"https:\/\/factznews.com\/index.php?rest_route=\/wp\/v2\/types\/post"}],"author":[{"embeddable":true,"href":"https:\/\/factznews.com\/index.php?rest_route=\/wp\/v2\/users\/1"}],"replies":[{"embeddable":true,"href":"https:\/\/factznews.com\/index.php?rest_route=%2Fwp%2Fv2%2Fcomments&post=5647"}],"version-history":[{"count":1,"href":"https:\/\/factznews.com\/index.php?rest_route=\/wp\/v2\/posts\/5647\/revisions"}],"predecessor-version":[{"id":5649,"href":"https:\/\/factznews.com\/index.php?rest_route=\/wp\/v2\/posts\/5647\/revisions\/5649"}],"wp:featuredmedia":[{"embeddable":true,"href":"https:\/\/factznews.com\/index.php?rest_route=\/wp\/v2\/media\/5648"}],"wp:attachment":[{"href":"https:\/\/factznews.com\/index.php?rest_route=%2Fwp%2Fv2%2Fmedia&parent=5647"}],"wp:term":[{"taxonomy":"category","embeddable":true,"href":"https:\/\/factznews.com\/index.php?rest_route=%2Fwp%2Fv2%2Fcategories&post=5647"},{"taxonomy":"post_tag","embeddable":true,"href":"https:\/\/factznews.com\/index.php?rest_route=%2Fwp%2Fv2%2Ftags&post=5647"}],"curies":[{"name":"wp","href":"https:\/\/api.w.org\/{rel}","templated":true}]}}