{"id":6953,"date":"2026-04-28T18:00:43","date_gmt":"2026-04-28T18:00:43","guid":{"rendered":"https:\/\/factznews.com\/?p=6953"},"modified":"2026-04-30T21:07:39","modified_gmt":"2026-04-30T21:07:39","slug":"breakthrough-in-renewable-energy-technologies-in-2026-4","status":"publish","type":"post","link":"https:\/\/factznews.com\/?p=6953","title":{"rendered":"\u201cE pash\u00eb n\u00eb \u00ebnd\u00ebrr\u2019\/ 15 vite nga zhdukja e Bleona Mat\u00ebs! Shokon gjyshi: Nj\u00eb nga 5 vajzat na tha se Bleona do kthehet!"},"content":{"rendered":"<p>Kan\u00eb kaluar 15 vite nga zhdukja e Bleona Mat\u00ebs, familjar\u00ebt mor\u00ebn nj\u00eb lajm t\u00eb mir\u00eb. N\u00ebna e Gentian\u00ebs, nj\u00ebra prej 5 vajzave, q\u00eb ishin me Bleon\u00ebn at\u00eb dit\u00eb q\u00eb vog\u00eblushja u zhduk i ka pohuar familjes Mata, se vajza do t\u00eb kthehej p\u00ebr tre dit\u00eb.<\/p>\n<p>Lajmin, n\u00ebna e Bleon\u00ebs e mori 3 dit\u00eb m\u00eb par\u00eb, t\u00eb cilin e konfirmoi edhe gjyshi i saj, Zenel Mata. Ky i fundit gjithashtu tregoi se kur kishte t\u00eb fliste p\u00ebr m\u00eb shum\u00eb detaje n\u00eb familjen e Gentian\u00ebs, n\u00ebna e saj e mohoi.<\/p>\n<p>\u2019N\u00ebna e Gentian\u00ebs i ka th\u00ebn\u00eb bashk\u00ebshortes se breda 3 dit\u00ebve do kthehet vajza. Kur e takova n\u00ebn\u00ebn e Gentian\u00ebs, ajo m\u00eb tha se ishte nj\u00eb \u00ebnd\u00ebrr e par\u00eb nga ajo. Bleon\u00ebn e lan\u00eb vet\u00ebm dhe t\u00eb pesta vajzat u shp\u00ebrndan\u00eb, e fundit q\u00eb e ka par\u00eb ka qen\u00eb Qamilja. Un\u00eb nuk kam kontakte me babain e Bleon\u00ebs, p\u00ebr shkak t\u00eb humbjes s\u00eb vajz\u00ebs. Nuk e di n\u00ebse ka b\u00ebr\u00eb k\u00ebrkime, por nuk besoj se ka k\u00ebrkuar. Kur ka humbur vajza ai ka qen\u00eb n\u00eb Maqedoni dhe nuk dyshoj tek ai, por 5 vajzat \u00ebsht\u00eb e sigurt\u00eb q\u00eb kan\u00eb gisht. Qamilja nuk flet, ajo shmanget sa her\u00eb p\u00ebrballet me ne\u2019\u2019, tha Zenel Mata, gjyshi i Bleon\u00ebs.<\/p>\n<p>N\u00ebna e Bleon\u00ebs, Bukurie Veizi, e cila prej nj\u00eb dekade k\u00ebrkon vajz\u00ebn, k\u00ebmb\u00ebngul n\u00eb faktin se e bija \u00ebsht\u00eb dor\u00ebzur n\u00eb duart e rr\u00ebmbyesit nga nj\u00eb prej vajzave.<\/p>\n<p>\u2018\u2019Familja e burrit nuk po b\u00ebjn\u00eb asgj\u00eb p\u00ebr ta k\u00ebrkuar. \u00cbsht\u00eb di\u00e7ka q\u00eb fshihet brenda familjes, sepse ish-vjehrri m\u00eb tha se n\u00ebna e Gentian\u00ebs i tha q\u00eb k\u00ebto 3 dit\u00eb do t\u00eb vij\u00eb Bleona. Edhe Qamilja ka th\u00ebn\u00eb k\u00ebshtu. Ato din\u00eb di\u00e7ka, sepse jan\u00eb t\u00eb sigurt\u00eb q\u00eb do vij\u00eb vajza.Vjehrri e pyeti se ku e di ti dhe ajo tha mos u merr me k\u00ebt\u00eb pun\u00eb, por Bleona do t\u00eb kthehet k\u00ebto 3 dit\u00eb. Kot jemi lodhur duke k\u00ebrkuar 15 vite kur krimin e kemi n\u00eb sht\u00ebpi. \u00cbsht\u00eb di\u00e7ka q\u00eb fshihet shum\u00eb af\u00ebr dhe ne nuk po e shohim.\u2019\u2019, tha p\u00ebr emisionin \u2019Pa Gjurm\u00eb\u2019 n\u00ebna e Bleon\u00ebs<\/p>\n<p>HISTORIA<\/p>\n<p>Bleona Mata \u00ebsht\u00eb vajza e vog\u00ebl q\u00eb u zhduk n\u00eb mosh\u00ebn 6-vje\u00e7are, pasditen e 22 majit t\u00eb vitit 2010, teksa kulloste bag\u00ebtit\u00eb n\u00eb malin e fshatit Zapod t\u00eb Kuk\u00ebsit. Policia dhe banor\u00ebt e zon\u00ebs k\u00ebrkuan me or\u00eb t\u00eb t\u00ebra n\u00ebp\u00ebr mal, por nuk gjet\u00ebn asnj\u00eb gjurm\u00eb t\u00eb vajz\u00ebs dhe q\u00eb prej asaj dite nuk dihet asgj\u00eb rreth fatit t\u00eb saj.<\/p>\n<p>N\u00eb fillim dyshimet ran\u00eb mbi vajzat q\u00eb e shoq\u00ebronin Bleon\u00ebn at\u00eb dit\u00eb, mes tyre ishte dhe halla e 6 vje\u00e7ares. Pavar\u00ebsisht dyshimeve t\u00eb shumta mbi hall\u00ebn, Qamile Mata, hetimet e policis\u00eb dhe prokuroris\u00eb nuk mund\u00ebn t\u00eb provonin asnj\u00ebher\u00eb se ajo bashk\u00eb me shoq\u00ebrueset e tjera kishin djeni mbi ngjarjen. Gjyshja e Bleon\u00ebs tha n\u00eb at\u00eb koh\u00eb se kishte par\u00eb nj\u00eb person q\u00eb nuk ishte banor i fshatit!<\/p>\n","protected":false},"excerpt":{"rendered":"<p>Kan\u00eb kaluar 15 vite nga zhdukja e Bleona Mat\u00ebs, familjar\u00ebt mor\u00ebn nj\u00eb lajm t\u00eb mir\u00eb. N\u00ebna e Gentian\u00ebs, nj\u00ebra prej 5 vajzave, q\u00eb ishin me Bleon\u00ebn at\u00eb dit\u00eb q\u00eb vog\u00eblushja u zhduk i ka pohuar familjes Mata, se vajza do t\u00eb kthehej p\u00ebr tre dit\u00eb. Lajmin, n\u00ebna e Bleon\u00ebs e mori 3 dit\u00eb m\u00eb par\u00eb,&#8230;<\/p>\n<p class=\"more-link-wrap\"><a href=\"https:\/\/factznews.com\/?p=6953\" class=\"more-link\">Read More<span class=\"screen-reader-text\"> &ldquo;\u201cE pash\u00eb n\u00eb \u00ebnd\u00ebrr\u2019\/ 15 vite nga zhdukja e Bleona Mat\u00ebs! Shokon gjyshi: Nj\u00eb nga 5 vajzat na tha se Bleona do kthehet!&rdquo;<\/span> &raquo;<\/a><\/p>\n","protected":false},"author":1,"featured_media":7119,"comment_status":"open","ping_status":"open","sticky":false,"template":"","format":"standard","meta":{"footnotes":""},"categories":[8],"tags":[],"class_list":["post-6953","post","type-post","status-publish","format-standard","has-post-thumbnail","hentry","category-lajmeshqip"],"_links":{"self":[{"href":"https:\/\/factznews.com\/index.php?rest_route=\/wp\/v2\/posts\/6953","targetHints":{"allow":["GET"]}}],"collection":[{"href":"https:\/\/factznews.com\/index.php?rest_route=\/wp\/v2\/posts"}],"about":[{"href":"https:\/\/factznews.com\/index.php?rest_route=\/wp\/v2\/types\/post"}],"author":[{"embeddable":true,"href":"https:\/\/factznews.com\/index.php?rest_route=\/wp\/v2\/users\/1"}],"replies":[{"embeddable":true,"href":"https:\/\/factznews.com\/index.php?rest_route=%2Fwp%2Fv2%2Fcomments&post=6953"}],"version-history":[{"count":3,"href":"https:\/\/factznews.com\/index.php?rest_route=\/wp\/v2\/posts\/6953\/revisions"}],"predecessor-version":[{"id":7274,"href":"https:\/\/factznews.com\/index.php?rest_route=\/wp\/v2\/posts\/6953\/revisions\/7274"}],"wp:featuredmedia":[{"embeddable":true,"href":"https:\/\/factznews.com\/index.php?rest_route=\/wp\/v2\/media\/7119"}],"wp:attachment":[{"href":"https:\/\/factznews.com\/index.php?rest_route=%2Fwp%2Fv2%2Fmedia&parent=6953"}],"wp:term":[{"taxonomy":"category","embeddable":true,"href":"https:\/\/factznews.com\/index.php?rest_route=%2Fwp%2Fv2%2Fcategories&post=6953"},{"taxonomy":"post_tag","embeddable":true,"href":"https:\/\/factznews.com\/index.php?rest_route=%2Fwp%2Fv2%2Ftags&post=6953"}],"curies":[{"name":"wp","href":"https:\/\/api.w.org\/{rel}","templated":true}]}}